{"id":71562,"date":"2020-05-28T15:45:31","date_gmt":"2020-05-28T18:45:31","guid":{"rendered":"http:\/\/pdt-rj.org.br\/?p=71562"},"modified":"2020-05-28T17:50:57","modified_gmt":"2020-05-28T20:50:57","slug":"edialeda-salgado-um-retrato-de-lutas-e-conquistas-do-movimento-negro-no-pais","status":"publish","type":"post","link":"https:\/\/pdt-rj.org.br\/index.php\/edialeda-salgado-um-retrato-de-lutas-e-conquistas-do-movimento-negro-no-pais\/","title":{"rendered":"Edialeda Salgado: um retrato de lutas e conquistas do movimento negro no Pa\u00eds"},"content":{"rendered":"<p>&#8220;Mulher guerreira, que criou os filhos praticamente sozinha, vencendo os preconceitos e se tornando a primeira mulher negra a ser secret\u00e1ria de Estado no primeiro governo Brizola,\u00a0 no Rio de Janeiro&#8221;, \u00e9 com essas palavras que o presidente nacional do PDT, Carlos Lupi, descreve Edialeda Salgado do Nascimento que, hoje, 28 de maio de 2020, completaria 80 anos de vida.<\/p>\n<p>Uma das das maiores refer\u00eancias na luta do movimento negro e feminino no Brasil \u2013 que nos deixou h\u00e1 10 anos, Edialeda nasceu na cidade do Rio de Janeiro (RJ), e foi m\u00e9dica ginecologista, graduada pela Universidade de Valen\u00e7a, no Rio de Janeiro, sindicalista e ativista pol\u00edtica, que entrou para a hist\u00f3ria ao assumir, em 1982, a Secretaria de Estado de Promo\u00e7\u00e3o Social, no governo Brizola, gest\u00e3o na qual ela tamb\u00e9m veio a assumir a Funda\u00e7\u00e3o Le\u00e3o XIII.<\/p>\n<p>Contudo, antes de fundar o PDT ao lado do l\u00edder trabalhista, a trajet\u00f3ria da pedetista, que era fluente em franc\u00eas, italiano, espanhol e ingl\u00eas, foi marcada por fazer parte da equipe do gabinete civil do governo Jo\u00e3o Goulart, antes do Golpe de 64. J\u00e1 no PDT, ela foi secret\u00e1ria Nacional do Movimento Negro do partido, atua\u00e7\u00e3o que a levou a participar de diversas reuni\u00f5es e congressos na Am\u00e9rica Latina, Estados Unidos e Europa, inclusive da Internacional Socialista (IS). Ela tamb\u00e9m foi organizadora e conferencista do I Congresso de Mulheres Negras das Am\u00e9ricas, realizado, em 1984, no Equador, al\u00e9m de criadora e presidente do Centro de Mem\u00f3ria Afro Brasileira do Rio de Janeiro.<\/p>\n<p>A trajet\u00f3ria de Edialeda, na sua atua\u00e7\u00e3o social pela defesa dos direitos da popula\u00e7\u00e3o negra no Brasil, est\u00e1 entrela\u00e7ada na pr\u00f3pria hist\u00f3ria do PDT, o que fez com que a sua import\u00e2ncia como refer\u00eancia pol\u00edtica seja reconhecida pelas principais lideran\u00e7as do partido, cuja pauta dos direitos humanos, que tem grande destaque em seu Estatuto, \u00e9 calcada na defesa dos direitos dos cidad\u00e3os mais vulner\u00e1veis.<\/p>\n<p><strong>Legado<\/strong><\/p>\n<p>&#8220;Dra. Edialeda foi uma mulher a frente do seu tempo.Viveu sempre na trincheira em busca incessante por igualdade e uma sociedade com justi\u00e7a social&#8221;, define Ivaldo Paix\u00e3o, presidente nacional do Movimento Negro do PDT.<\/p>\n<p>&#8220;Edialeda \u00e9 um exemplo de garra e resist\u00eancia. Est\u00e1 eternizada por sua trajet\u00f3ria de luta no movimento de conquistas das mulheres negras. Hoje, a gloriosa m\u00e9dica e fundadora do PDT estaria complementado 80 anos. A saudade s\u00f3 fortalece nossa luta democr\u00e1tica em prol do povo brasileiro&#8221;, declara Manoel Dias, secret\u00e1rio-geral nacional do PDT e presidente nacional da Funda\u00e7\u00e3o Leonel Brizola &#8211; Alberto Pasqualini (FLB-AP).<\/p>\n<p>&nbsp;<\/p>\n<p><strong>Mat\u00e9rias relacionadas<\/strong><\/p>\n<p><a href=\"http:\/\/pdt-rj.org.br\/index.php\/o-dia-internacional-da-mulher-e-a-luta-pela-equidade-de-genero\/\">O Dia Internacional da Mulher e a luta pela equidade de g\u00eanero<\/a><\/p>\n<!-- AddThis Advanced Settings generic via filter on the_content --><!-- AddThis Share Buttons generic via filter on the_content -->","protected":false},"excerpt":{"rendered":"<p>&#8220;Mulher guerreira, que criou os filhos praticamente sozinha, vencendo os preconceitos e se tornando a primeira mulher negra a ser secret\u00e1ria de Estado no primeiro governo Brizola,\u00a0 no Rio de Janeiro&#8221;, \u00e9 com essas palavras que o presidente nacional do PDT, Carlos Lupi, descreve Edialeda Salgado do Nascimento que, hoje, 28 de maio de 2020,&#8230;<!-- AddThis Advanced Settings generic via filter on wp_trim_excerpt --><!-- AddThis Share Buttons generic via filter on wp_trim_excerpt --><\/p>\n","protected":false},"author":17,"featured_media":71588,"comment_status":"closed","ping_status":"closed","sticky":false,"template":"","format":"standard","meta":{"_monsterinsights_skip_tracking":false,"_monsterinsights_sitenote_active":false,"_monsterinsights_sitenote_note":"","_monsterinsights_sitenote_category":0,"_uf_show_specific_survey":0,"_uf_disable_surveys":false,"footnotes":""},"categories":[976],"tags":[3599,3619,3618,3617,565,38],"class_list":["post-71562","post","type-post","status-publish","format-standard","has-post-thumbnail","hentry","category-noticias-em-destaque","tag-edialeda-salgado-do-nascimento","tag-fundacao-leao-xiii","tag-golpe-de-64","tag-i-congresso-de-mulheres-negras-das-americas","tag-leonel-brizola","tag-pdt"],"acf":[],"_links":{"self":[{"href":"https:\/\/pdt-rj.org.br\/index.php\/wp-json\/wp\/v2\/posts\/71562","targetHints":{"allow":["GET"]}}],"collection":[{"href":"https:\/\/pdt-rj.org.br\/index.php\/wp-json\/wp\/v2\/posts"}],"about":[{"href":"https:\/\/pdt-rj.org.br\/index.php\/wp-json\/wp\/v2\/types\/post"}],"author":[{"embeddable":true,"href":"https:\/\/pdt-rj.org.br\/index.php\/wp-json\/wp\/v2\/users\/17"}],"replies":[{"embeddable":true,"href":"https:\/\/pdt-rj.org.br\/index.php\/wp-json\/wp\/v2\/comments?post=71562"}],"version-history":[{"count":22,"href":"https:\/\/pdt-rj.org.br\/index.php\/wp-json\/wp\/v2\/posts\/71562\/revisions"}],"predecessor-version":[{"id":71599,"href":"https:\/\/pdt-rj.org.br\/index.php\/wp-json\/wp\/v2\/posts\/71562\/revisions\/71599"}],"wp:featuredmedia":[{"embeddable":true,"href":"https:\/\/pdt-rj.org.br\/index.php\/wp-json\/wp\/v2\/media\/71588"}],"wp:attachment":[{"href":"https:\/\/pdt-rj.org.br\/index.php\/wp-json\/wp\/v2\/media?parent=71562"}],"wp:term":[{"taxonomy":"category","embeddable":true,"href":"https:\/\/pdt-rj.org.br\/index.php\/wp-json\/wp\/v2\/categories?post=71562"},{"taxonomy":"post_tag","embeddable":true,"href":"https:\/\/pdt-rj.org.br\/index.php\/wp-json\/wp\/v2\/tags?post=71562"}],"curies":[{"name":"wp","href":"https:\/\/api.w.org\/{rel}","templated":true}]}}