{"id":71559,"date":"2020-05-28T13:44:53","date_gmt":"2020-05-28T16:44:53","guid":{"rendered":"http:\/\/pdt-rj.org.br\/?p=71559"},"modified":"2020-05-28T13:44:53","modified_gmt":"2020-05-28T16:44:53","slug":"etica-social-norteia-palestra-de-carlos-michiles-no-quartas-trabalhistas","status":"publish","type":"post","link":"https:\/\/pdt-rj.org.br\/index.php\/etica-social-norteia-palestra-de-carlos-michiles-no-quartas-trabalhistas\/","title":{"rendered":"\u00c9tica social norteia palestra de Carlos Michiles no \u2018Quartas Trabalhistas\u2019"},"content":{"rendered":"<p>Na segunda edi\u00e7\u00e3o nacional do \u2018Quartas Trabalhistas\u2019, o Ph.D em ci\u00eancias pol\u00edticas e fundador do PDT Carlos Michiles analisou a relev\u00e2ncia da \u00e9tica na sociedade e sua rela\u00e7\u00e3o com poder, nacionalismo e educa\u00e7\u00e3o. Promovido pela Funda\u00e7\u00e3o Leonel Brizola &#8211; Alberto Pasqualini (FLB-AP), o programa foi transmitido ao vivo neste dia 27, nas suas redes sociais.<\/p>\n<p>Ap\u00f3s a abertura do secret\u00e1rio-executivo da Funda\u00e7\u00e3o, Ades Oliveira, Michiles iniciou sua fala promovendo o esclarecimento de uma quest\u00e3o essencial: a distin\u00e7\u00e3o entre moral e \u00e9tica, onde a primeira \u00e9 fruto do padr\u00e3o cultural vigente e incorpora normas determinadas pela pr\u00f3pria sociedade. J\u00e1 a segunda, por sua vez, \u00e9 a parte da filosofia que reflete e questiona sobre as regras morais.<\/p>\n<p>\u201cExistem uma confus\u00e3o. \u00c9 um paradoxo, onde \u00e9tica \u00e9 uma moldura onde a moral se aplica, pois foca na atua\u00e7\u00e3o. A \u00e9tica, baseada em tr\u00eas palavras &#8211; querer, poder e dever &#8211; e como uma ci\u00eancia interdisciplinar, busca discutir a condi\u00e7\u00e3o humana\u201d, comenta.<\/p>\n<p>A partir dessas premissas, o pedetista aprofundou a an\u00e1lise ao citar o fil\u00f3sofo moderno, Immanuel Kant, com o entendimento de \u00e9tica normativa, que progrediu na \u00e9poca do Iluminismo, movimento intelectual e filos\u00f3fico europeu do s\u00e9culo 18. Michiles buscou, portanto, esclarecer que a pauta para as escolhas morais deveria ser a raz\u00e3o humana.<\/p>\n<p>\u201cA raz\u00e3o \u00e9 uma ferramenta educacional, pois garante uma capacidade racional de fazer uso do seu pr\u00f3prio entendimento. Quando a gente tiver a plena capacidade de implement\u00e1-la, o mundo mudar\u00e1\u201d, pontuou.<\/p>\n<p><strong>Conex\u00e3o<\/strong><\/p>\n<p>Em um paralelo com os retrocessos percebidos no pa\u00eds e traduzidos na figura do presidente, Jair Bolsonaro, o pedetista critica o processo sist\u00eamico de nega\u00e7\u00e3o do conhecimento e de desvaloriza\u00e7\u00e3o da base educacional como ess\u00eancia social.<\/p>\n<p>\u201cA na\u00e7\u00e3o vem se transformando em um ornitorrinco. Um bicho feio, n\u00e3o identific\u00e1vel que mostra a desigualdade assustadora, a viol\u00eancia crescente e a aus\u00eancia de ensino para brecar a ignor\u00e2ncia. Logo, leva \u00e0 vulnerabilidade da manipula\u00e7\u00e3o a partir de um ditador d\u00e9spota\u201d, disse.<\/p>\n<p>\u201cPor isso, a \u00e9tica nunca foi t\u00e3o necess\u00e1ria e importante, mas, ao mesmo tempo, ignorada. S\u00f3 a educa\u00e7\u00e3o pode desbarbarizar essa brutaliza\u00e7\u00e3o da sociedade, ainda que seja uma utopia. N\u00e3o podemos permitir o enfraquecimento do Estado, que mant\u00e9m a soberania do territ\u00f3rio, da l\u00edngua\u201d, acrescentou.<\/p>\n<p><strong>Revolu\u00e7\u00e3o<\/strong><\/p>\n<p>Ao declarar que o caminho para a \u201csalva\u00e7\u00e3o\u201d passa diretamente pelos livros, o pedetista ratifica que a luta do partido \u00e9 forjado no projeto trabalhista com vi\u00e9s \u00e9tico e nacionalista.<\/p>\n<p>\u201cUma utopia que nos move enquanto existir vida para o futuro, sem deixar de olhar o passado. Isso ilumina nosso caminho para o projeto nacional de desenvolvimento\u201d, comenta o professor, ao exaltar o v\u00ednculo com completou.<\/p>\n<p>Diante desse legado, que norteia as bandeiras do PDT, Michiles cita Leonel Brizola, a partir de uma frase que ele considera emblem\u00e1tica: \u201cA vida s\u00f3 tem sentido quando busca o sentido para a vida.\u201d<\/p>\n<p>\u201cEle foi o \u00fanico estadista latino-americano que considerava a educa\u00e7\u00e3o como ess\u00eancia, pois ela \u00e9 o meio de emancipa\u00e7\u00e3o diante da valoriza\u00e7\u00e3o da nacionalidade e da soberania\u201d, exaltou, ao ressaltar que o \u201cfio da hist\u00f3ria desta corrente est\u00e1 na forma\u00e7\u00e3o do pensamento e do esclarecimento\u201d.<\/p>\n<!-- AddThis Advanced Settings generic via filter on the_content --><!-- AddThis Share Buttons generic via filter on the_content -->","protected":false},"excerpt":{"rendered":"<p>Na segunda edi\u00e7\u00e3o nacional do \u2018Quartas Trabalhistas\u2019, o Ph.D em ci\u00eancias pol\u00edticas e fundador do PDT Carlos Michiles analisou a relev\u00e2ncia da \u00e9tica na sociedade e sua rela\u00e7\u00e3o com poder, nacionalismo e educa\u00e7\u00e3o. Promovido pela Funda\u00e7\u00e3o Leonel Brizola &#8211; Alberto Pasqualini (FLB-AP), o programa foi transmitido ao vivo neste dia 27, nas suas redes sociais&#8230;.<!-- AddThis Advanced Settings generic via filter on wp_trim_excerpt --><!-- AddThis Share Buttons generic via filter on wp_trim_excerpt --><\/p>\n","protected":false},"author":17,"featured_media":71560,"comment_status":"closed","ping_status":"closed","sticky":false,"template":"","format":"standard","meta":{"_monsterinsights_skip_tracking":false,"_monsterinsights_sitenote_active":false,"_monsterinsights_sitenote_note":"","_monsterinsights_sitenote_category":0,"_uf_show_specific_survey":0,"_uf_disable_surveys":false,"footnotes":""},"categories":[1390,3328],"tags":[2579,984,1541,3616,3582],"class_list":["post-71559","post","type-post","status-publish","format-standard","has-post-thumbnail","hentry","category-editorias","category-flb-ap","tag-carlos-michiles","tag-etica","tag-projeto-nacional-de-desenvolvimento","tag-projeto-trabalhista","tag-quartas-trabalhistas"],"acf":[],"_links":{"self":[{"href":"https:\/\/pdt-rj.org.br\/index.php\/wp-json\/wp\/v2\/posts\/71559","targetHints":{"allow":["GET"]}}],"collection":[{"href":"https:\/\/pdt-rj.org.br\/index.php\/wp-json\/wp\/v2\/posts"}],"about":[{"href":"https:\/\/pdt-rj.org.br\/index.php\/wp-json\/wp\/v2\/types\/post"}],"author":[{"embeddable":true,"href":"https:\/\/pdt-rj.org.br\/index.php\/wp-json\/wp\/v2\/users\/17"}],"replies":[{"embeddable":true,"href":"https:\/\/pdt-rj.org.br\/index.php\/wp-json\/wp\/v2\/comments?post=71559"}],"version-history":[{"count":1,"href":"https:\/\/pdt-rj.org.br\/index.php\/wp-json\/wp\/v2\/posts\/71559\/revisions"}],"predecessor-version":[{"id":71561,"href":"https:\/\/pdt-rj.org.br\/index.php\/wp-json\/wp\/v2\/posts\/71559\/revisions\/71561"}],"wp:featuredmedia":[{"embeddable":true,"href":"https:\/\/pdt-rj.org.br\/index.php\/wp-json\/wp\/v2\/media\/71560"}],"wp:attachment":[{"href":"https:\/\/pdt-rj.org.br\/index.php\/wp-json\/wp\/v2\/media?parent=71559"}],"wp:term":[{"taxonomy":"category","embeddable":true,"href":"https:\/\/pdt-rj.org.br\/index.php\/wp-json\/wp\/v2\/categories?post=71559"},{"taxonomy":"post_tag","embeddable":true,"href":"https:\/\/pdt-rj.org.br\/index.php\/wp-json\/wp\/v2\/tags?post=71559"}],"curies":[{"name":"wp","href":"https:\/\/api.w.org\/{rel}","templated":true}]}}