{"id":71533,"date":"2020-05-27T09:11:23","date_gmt":"2020-05-27T12:11:23","guid":{"rendered":"http:\/\/pdt-rj.org.br\/?p=71533"},"modified":"2020-06-23T16:24:05","modified_gmt":"2020-06-23T19:24:05","slug":"ecotrabalhismo-repudia-governo-bolsonaro-e-pede-renuncia-do-ministro-do-meio-ambiente","status":"publish","type":"post","link":"https:\/\/pdt-rj.org.br\/index.php\/ecotrabalhismo-repudia-governo-bolsonaro-e-pede-renuncia-do-ministro-do-meio-ambiente\/","title":{"rendered":"Ecotrabalhismo repudia governo Bolsonaro e pede ren\u00fancia do ministro\u00a0do Meio Ambiente"},"content":{"rendered":"<p class=\"yiv1669308692p3\"><span class=\"yiv1669308692s2\">O movimento do PDT Ecotrabalhismo emitiu uma nota na qual o governo Bolsonaro e a conduta do ministro do Meio Ambiente, Ricardo Salles, principalmente durante a reuni\u00e3o ministerial, que teve a grava\u00e7\u00e3o divulgada pelo Supremo Tribunal Federal (STF), na \u00faltima semana. Para os pedetistas, o gestor ratificou a completa falta de compromisso com a miss\u00e3o da pasta e, portanto, deve renunciar ao cargo.\u00a0<\/span><\/p>\n<p class=\"yiv1669308692p3\"><span class=\"yiv1669308692s2\">\u201cNos somamos \u00e0 indigna\u00e7\u00e3o daqui e de fora do Brasil sobre o epis\u00f3dio acima e registramos veemente condena\u00e7\u00e3o \u00e0 inten\u00e7\u00e3o e pr\u00e1ticas socioambientais promovidas pelo atual governo\u00a0<span class=\"yiv1669308692Apple-converted-space\">\u00a0<\/span>e, em especial, pelo ministro\u201d, indica, ao citar a tentativa de enfraquecimento da legisla\u00e7\u00e3o durante a pandemia do Covid-19.\u00a0 \u00a0<\/span><\/p>\n<p class=\"yiv1669308692p3\"><span class=\"yiv1669308692s2\">O movimento relata o ac\u00famulo de in\u00fameros protestos, manifesta\u00e7\u00f5es e den\u00fancias de amplos setores da opini\u00e3o p\u00fablica, de organiza\u00e7\u00f5es cient\u00edficas, da sociedade civil, de movimentos sociais e de personalidades contra os retrocessos impostos tanto no \u00e2mbito administrativo, quanto operacional.<\/span><\/p>\n<p class=\"yiv1669308692p3\"><span class=\"yiv1669308692s2\">\u201cFaz-se agente ecoc\u00eddio, atropela o dever do poder p\u00fablico previsto no artigo 225 da Constitui\u00e7\u00e3o Federal, onde todos t\u00eam o direito ao meio ambiente ecologicamente equilibrado, bem de uso comum do povo e essencial \u00e0 sadia qualidade de vida\u201d, detalha.<\/span><\/p>\n<p class=\"yiv1669308692p3\"><strong><span class=\"yiv1669308692s2\">Compromissos\u00a0<\/span><\/strong><\/p>\n<p class=\"yiv1669308692p3\"><span class=\"yiv1669308692s2\">O documento denuncia ainda que a mudan\u00e7a da pol\u00edtica ambiental rompe com o acordo assumido, pelo pa\u00eds, na Agenda 2030 da Confer\u00eancia das Na\u00e7\u00f5es Unidas sobre as Mudan\u00e7as Clim\u00e1ticas (COP 21), evento promovido pela Organiza\u00e7\u00e3o das Na\u00e7\u00f5es Unidas, em 2015.<\/span><\/p>\n<p class=\"yiv1669308692p3\"><span class=\"yiv1669308692s2\">\u201cPrejudica nossa popula\u00e7\u00e3o, denigre a imagem brasileira e promove comportamentos, atitudes e apoios \u00e0 a\u00e7\u00f5es predadoras, irregulares, utilitaristas e\u00a0<span class=\"yiv1669308692Apple-converted-space\">\u00a0<\/span>negacionista\u201d, acrescenta.\u00a0\u00a0<\/span><\/p>\n<p class=\"yiv1669308692p3\"><span class=\"yiv1669308692s2\">No manifesto, a organiza\u00e7\u00e3o pedetista relembra que h\u00e1 cerca de um ano, oito ex-ministros do Meio Ambiente, de diferentes governos e posi\u00e7\u00f5es ideol\u00f3gicas, mostraram preocupa\u00e7\u00e3o com a pol\u00edtica adotada, desde 2018.\u00a0<\/span><\/p>\n<p class=\"yiv1669308692p3\"><span class=\"yiv1669308692s2\">\u201cElaboraram um documento expressando preocupa\u00e7\u00f5es com desacertos em n\u00edvel federal, desaten\u00e7\u00e3o para com os ecossistemas e a biodiversidade\u201d, pontua, ao indicar ainda o consequente impacto na sa\u00fade, no bem-estar na a economia dos brasileiros\u201d.<\/span><\/p>\n<p>Confirma a nota na \u00edntegra:\u00a0<a href=\"http:\/\/pdt-rj.org.br\/wp-content\/uploads\/2020\/05\/Nota-do-Ecotrabalhismo.pdf\">Nota do Ecotrabalhismo<\/a><\/p>\n<p>&nbsp;<\/p>\n<!-- AddThis Advanced Settings generic via filter on the_content --><!-- AddThis Share Buttons generic via filter on the_content -->","protected":false},"excerpt":{"rendered":"<p>O movimento do PDT Ecotrabalhismo emitiu uma nota na qual o governo Bolsonaro e a conduta do ministro do Meio Ambiente, Ricardo Salles, principalmente durante a reuni\u00e3o ministerial, que teve a grava\u00e7\u00e3o divulgada pelo Supremo Tribunal Federal (STF), na \u00faltima semana. Para os pedetistas, o gestor ratificou a completa falta de compromisso com a miss\u00e3o&#8230;<!-- AddThis Advanced Settings generic via filter on wp_trim_excerpt --><!-- AddThis Share Buttons generic via filter on wp_trim_excerpt --><\/p>\n","protected":false},"author":17,"featured_media":71546,"comment_status":"closed","ping_status":"closed","sticky":false,"template":"","format":"standard","meta":{"_monsterinsights_skip_tracking":false,"_monsterinsights_sitenote_active":false,"_monsterinsights_sitenote_note":"","_monsterinsights_sitenote_category":0,"_uf_show_specific_survey":0,"_uf_disable_surveys":false,"footnotes":""},"categories":[1390,3682,1397],"tags":[],"class_list":["post-71533","post","type-post","status-publish","format-standard","has-post-thumbnail","hentry","category-editorias","category-ecotrabalhismo","category-movimentos"],"acf":[],"_links":{"self":[{"href":"https:\/\/pdt-rj.org.br\/index.php\/wp-json\/wp\/v2\/posts\/71533","targetHints":{"allow":["GET"]}}],"collection":[{"href":"https:\/\/pdt-rj.org.br\/index.php\/wp-json\/wp\/v2\/posts"}],"about":[{"href":"https:\/\/pdt-rj.org.br\/index.php\/wp-json\/wp\/v2\/types\/post"}],"author":[{"embeddable":true,"href":"https:\/\/pdt-rj.org.br\/index.php\/wp-json\/wp\/v2\/users\/17"}],"replies":[{"embeddable":true,"href":"https:\/\/pdt-rj.org.br\/index.php\/wp-json\/wp\/v2\/comments?post=71533"}],"version-history":[{"count":4,"href":"https:\/\/pdt-rj.org.br\/index.php\/wp-json\/wp\/v2\/posts\/71533\/revisions"}],"predecessor-version":[{"id":71549,"href":"https:\/\/pdt-rj.org.br\/index.php\/wp-json\/wp\/v2\/posts\/71533\/revisions\/71549"}],"wp:featuredmedia":[{"embeddable":true,"href":"https:\/\/pdt-rj.org.br\/index.php\/wp-json\/wp\/v2\/media\/71546"}],"wp:attachment":[{"href":"https:\/\/pdt-rj.org.br\/index.php\/wp-json\/wp\/v2\/media?parent=71533"}],"wp:term":[{"taxonomy":"category","embeddable":true,"href":"https:\/\/pdt-rj.org.br\/index.php\/wp-json\/wp\/v2\/categories?post=71533"},{"taxonomy":"post_tag","embeddable":true,"href":"https:\/\/pdt-rj.org.br\/index.php\/wp-json\/wp\/v2\/tags?post=71533"}],"curies":[{"name":"wp","href":"https:\/\/api.w.org\/{rel}","templated":true}]}}