{"id":71528,"date":"2020-05-27T14:56:34","date_gmt":"2020-05-27T17:56:34","guid":{"rendered":"http:\/\/pdt-rj.org.br\/?p=71528"},"modified":"2020-05-27T21:15:13","modified_gmt":"2020-05-28T00:15:13","slug":"uso-de-fake-news-por-bolsonaristas-e-tema-de-discussao-no-observatorio-da-democracia","status":"publish","type":"post","link":"https:\/\/pdt-rj.org.br\/index.php\/uso-de-fake-news-por-bolsonaristas-e-tema-de-discussao-no-observatorio-da-democracia\/","title":{"rendered":"Uso de \u2018fake news\u2019 por bolsonaristas \u00e9 tema de discuss\u00e3o no Observat\u00f3rio da Democracia"},"content":{"rendered":"<p>O ciclo de debates \u201cDi\u00e1logos, Vida e Democracia\u201d promovido pelas funda\u00e7\u00f5es de estudos de seis partidos pol\u00edticos progressistas \u2013 PDT, PT, PSB, PCdoB, Cidadania e Pros \u2013 prosseguiu nesta quarta-feira com a mesa \u201cCrise, Comunica\u00e7\u00e3o e Democracia\u201d com participa\u00e7\u00e3o do deputado federal T\u00falio Gadelha (PDT-PE) e do senador e ex-ministro Humberto Costa (PT-PE), al\u00e9m dos tamb\u00e9m deputados federais David Miranda (PSOLRJ) e L\u00eddice da Mata (PSB-BA) e da ex-candidata \u00e0 vice-presid\u00eancia da Rep\u00fablica, Manuela D\u2019\u00c1vila (PCdoB-RS).<\/p>\n<p>A discuss\u00e3o teve a media\u00e7\u00e3o de Henrique Mathiesen, coordenador do Centro de Mem\u00f3ria Trabalhista do PDT e dirigente da Funda\u00e7\u00e3o Leonel Brizola-Alberto Pasqualini (FLB-AP); e os interessados no conte\u00fado podem acess\u00e1-lo, na \u00edntegra, atrav\u00e9s deste link.<\/p>\n<p>Tendo em vista a hostilidade crescente de bolsonaristas ao trabalho da m\u00eddia no Pal\u00e1cio do Planalto, em Bras\u00edlia com total aval do Gabinete de Seguran\u00e7a Institucional (GSI) da presid\u00eancia da Rep\u00fablica (que deveria zelar pela seguran\u00e7a do trabalho da imprensa), a discuss\u00e3o ganhou esta semana nova import\u00e2ncia \u2013 ainda mais quando grandes ve\u00edculos de comunica\u00e7\u00e3o, por absoluta falta de seguran\u00e7a, decidiram deixar de cobrir a presid\u00eancia.<\/p>\n<p>O tema ganhou ainda mais relev\u00e2ncia com o fato do Departamento da Pol\u00edcia Federal ter iniciado, nesta quarta-feira, uma grande opera\u00e7\u00e3o de busca e apreens\u00e3o em v\u00e1rios estados \u2013 no combate a dissemina\u00e7\u00e3o de <em>fake News<\/em>. Por conta do inqu\u00e9rito do Supremo Tribunal Federal sobre o assunto, a Pol\u00edcia Federal (PF) est\u00e1 cumprindo nesta quarta-feira 29 mandados de busca e apreens\u00e3o e entre os alvos dos ataques aos ministros do STF est\u00e3o o ex-deputado federal Roberto Jefferson (PTB-RJ), o blogueiro Allan dos Santos, o empres\u00e1rio Luciano Hang, a ativista Sara Winter e apoiadores do presidente Jair Bolsonaro. As ordens judiciais assinadas pelo ministro Alexandre Moraes est\u00e3o sendo cumpridas no Distrito Federal, no Rio de Janeiro, em S\u00e3o Paulo, no Mato Grosso, no Paran\u00e1 e em Santa Catarina.<\/p>\n<p>Ontem, o centro do debate \u201cCrise, Comunica\u00e7\u00e3o e Democracia\u201d ficou por conta das <em>fake news<\/em> operadas a partir de esquema complexo de financiamento privado e p\u00fablico, ilegal, que nasceu com for\u00e7a na elei\u00e7\u00e3o presidencial de 2018, em apoio a Bolsonaro; e n\u00e3o foi desativado com o fim da elei\u00e7\u00e3o &#8211; sendo hoje importante apoio para as pol\u00edticas do governo Bolsonaro. Uma verdadeira m\u00e1quinas de mentiras e dissemina\u00e7\u00e3o de \u00f3dio est\u00e1 funcionando a mil por hora mesmo no contexto de pandemia de Covid-19, a crise sanit\u00e1ria mais grave vivida pelo Brasil nos \u00faltimos 100 anos.<br \/>\nO discurso do governo se contrap\u00f5e ao da ci\u00eancia e nega a realidade gritante e dram\u00e1tica do pa\u00eds que j\u00e1 contabiliza mais de 22 mil mortos e se tornou, esta semana, em campe\u00e3o mundial de mortes di\u00e1rias pelo Coronav\u00edrus \u2013 ultrapassando a tr\u00e1gica realidade dos Estados Unidos, hoje o epicentro mundial da pandemia.<\/p>\n<p>Todos os participantes do debate mediador por Henrique Matthiesen foram un\u00e2nimes em denunciar as <em>fake news<\/em>, ressaltando tamb\u00e9m a import\u00e2ncia da CPMI do Congresso Nacional de enfrentamento a elas (ver aqui) &#8211; caminho fundamental para a constru\u00e7\u00e3o de novos consensos na sociedade brasileira. Discutiu-se tamb\u00e9m de iniciativas para permitir uma inser\u00e7\u00e3o mais efetiva do campo progressista nas redes sociais, bem como a constru\u00e7\u00e3o de outros mecanismos para punir legalmente o uso de <em>fake news<\/em>.<\/p>\n<p>Amanh\u00e3, dia 28 de maio, \u00e0s 14h30, acontece mais um debate sobre o tema&#8221; Comunica\u00e7\u00e3o&#8221;. O segundo do ciclo Di\u00e1logos, desta vez com o tema \u2018Jornalismo, Comunica\u00e7\u00e3o e Pol\u00edtica nas Redes Sociais\u2019, mesa que ser\u00e1 coordenada pela jornalista Renata Mielli, da Funda\u00e7\u00e3o Maur\u00edcio Grabois, tendo como debatedores o premiado internacionalmente jornalista e fundador do portal \u201cThe Intercept\u201d Glenn Greenwald; , do editor do blog Brasil 247 Leonardo Attuch e do jornalista e articulista da Revista F\u00f3rum , Renato Rovai.<\/p>\n<p>A transmiss\u00e3o ocorrer\u00e1 via canal do youtube do Observat\u00f3rio da Democracia, bem como em seu site, al\u00e9m de ser retransmitida tamb\u00e9m em diversos canais de redes a exemplo dos Facebook das funda\u00e7\u00f5es.<\/p>\n<p>&nbsp;<\/p>\n<p><iframe loading=\"lazy\" title=\"Crise, Comunica\u00e7\u00e3o e Democracia | Di\u00e1logos, Vida e Democracia\" width=\"640\" height=\"360\" src=\"https:\/\/www.youtube.com\/embed\/4Z6QBqKXN5Y?feature=oembed\" frameborder=\"0\" allow=\"accelerometer; autoplay; clipboard-write; encrypted-media; gyroscope; picture-in-picture; web-share\" referrerpolicy=\"strict-origin-when-cross-origin\" allowfullscreen><\/iframe><\/p>\n<!-- AddThis Advanced Settings generic via filter on the_content --><!-- AddThis Share Buttons generic via filter on the_content -->","protected":false},"excerpt":{"rendered":"<p>O ciclo de debates \u201cDi\u00e1logos, Vida e Democracia\u201d promovido pelas funda\u00e7\u00f5es de estudos de seis partidos pol\u00edticos progressistas \u2013 PDT, PT, PSB, PCdoB, Cidadania e Pros \u2013 prosseguiu nesta quarta-feira com a mesa \u201cCrise, Comunica\u00e7\u00e3o e Democracia\u201d com participa\u00e7\u00e3o do deputado federal T\u00falio Gadelha (PDT-PE) e do senador e ex-ministro Humberto Costa (PT-PE), al\u00e9m dos&#8230;<!-- AddThis Advanced Settings generic via filter on wp_trim_excerpt --><!-- AddThis Share Buttons generic via filter on wp_trim_excerpt --><\/p>\n","protected":false},"author":17,"featured_media":71529,"comment_status":"closed","ping_status":"closed","sticky":false,"template":"","format":"standard","meta":{"_monsterinsights_skip_tracking":false,"_monsterinsights_sitenote_active":false,"_monsterinsights_sitenote_note":"","_monsterinsights_sitenote_category":0,"_uf_show_specific_survey":0,"_uf_disable_surveys":false,"footnotes":""},"categories":[1390,3328],"tags":[1526,3348,3541,3613,408,3219],"class_list":["post-71528","post","type-post","status-publish","format-standard","has-post-thumbnail","hentry","category-editorias","category-flb-ap","tag-congresso-nacional","tag-covid-19","tag-cpmi","tag-cpmi-do-congresso-nacional","tag-flb-ap","tag-fundacao-leonel-brizola-alberto-pasqualini-2"],"acf":[],"_links":{"self":[{"href":"https:\/\/pdt-rj.org.br\/index.php\/wp-json\/wp\/v2\/posts\/71528","targetHints":{"allow":["GET"]}}],"collection":[{"href":"https:\/\/pdt-rj.org.br\/index.php\/wp-json\/wp\/v2\/posts"}],"about":[{"href":"https:\/\/pdt-rj.org.br\/index.php\/wp-json\/wp\/v2\/types\/post"}],"author":[{"embeddable":true,"href":"https:\/\/pdt-rj.org.br\/index.php\/wp-json\/wp\/v2\/users\/17"}],"replies":[{"embeddable":true,"href":"https:\/\/pdt-rj.org.br\/index.php\/wp-json\/wp\/v2\/comments?post=71528"}],"version-history":[{"count":2,"href":"https:\/\/pdt-rj.org.br\/index.php\/wp-json\/wp\/v2\/posts\/71528\/revisions"}],"predecessor-version":[{"id":71544,"href":"https:\/\/pdt-rj.org.br\/index.php\/wp-json\/wp\/v2\/posts\/71528\/revisions\/71544"}],"wp:featuredmedia":[{"embeddable":true,"href":"https:\/\/pdt-rj.org.br\/index.php\/wp-json\/wp\/v2\/media\/71529"}],"wp:attachment":[{"href":"https:\/\/pdt-rj.org.br\/index.php\/wp-json\/wp\/v2\/media?parent=71528"}],"wp:term":[{"taxonomy":"category","embeddable":true,"href":"https:\/\/pdt-rj.org.br\/index.php\/wp-json\/wp\/v2\/categories?post=71528"},{"taxonomy":"post_tag","embeddable":true,"href":"https:\/\/pdt-rj.org.br\/index.php\/wp-json\/wp\/v2\/tags?post=71528"}],"curies":[{"name":"wp","href":"https:\/\/api.w.org\/{rel}","templated":true}]}}