{"id":71501,"date":"2020-05-26T21:42:37","date_gmt":"2020-05-27T00:42:37","guid":{"rendered":"http:\/\/pdt-rj.org.br\/?p=71501"},"modified":"2020-05-26T22:22:27","modified_gmt":"2020-05-27T01:22:27","slug":"pdt-pede-que-pgr-investigue-carla-zambelli-por-trafico-de-influencia-e-crime-de-advocacia-administrativa","status":"publish","type":"post","link":"https:\/\/pdt-rj.org.br\/index.php\/pdt-pede-que-pgr-investigue-carla-zambelli-por-trafico-de-influencia-e-crime-de-advocacia-administrativa\/","title":{"rendered":"PDT pede que PGR investigue Carla Zambelli por tr\u00e1fico de influ\u00eancia e crime de advocacia administrativa"},"content":{"rendered":"<p>Nesta ter\u00e7a-feira (26), o PDT entrou com uma representa\u00e7\u00e3o na Procuradoria-Geral da Rep\u00fablica (PGR) contra a deputada federal Carla Zambelli (PSL-SP) por poss\u00edvel tr\u00e1fico de influ\u00eancia e crime de advocacia administrativa (crime praticado contra a Administra\u00e7\u00e3o P\u00fablica por funcion\u00e1rio p\u00fablico). A peti\u00e7\u00e3o tem como base declara\u00e7\u00f5es da parlamentar que, em entrevista ontem (25) \u00e0 R\u00e1dio Ga\u00facha, demonstrou ter informa\u00e7\u00f5es privilegiadas sobre investiga\u00e7\u00f5es da Pol\u00edcia Federal. Zambelli afirma que a institui\u00e7\u00e3o (PF) estava prestes a deflagrar opera\u00e7\u00f5es para investigar irregularidades cometidas por governadores durante a pandemia da Covid-19.<\/p>\n<p>Na representa\u00e7\u00e3o, o PDT destaca que, &#8220;curiosamente&#8221;, nesta ter\u00e7a-feira (26), a Pol\u00edcia Federal deflagrou a \u201cOpera\u00e7\u00e3o Placebo\u201d, que atingiu diretamente o governador do Rio de Janeiro, Wilson Witzel, um dos principais desafetos declarados do presidente Jair Bolsonaro, evidenciando, claramente, que Carla Zambelli tem acesso \u00e0s informa\u00e7\u00f5es das investiga\u00e7\u00f5es realizadas pela PF.<\/p>\n<p>No entendimento do partido, estes fatos demonstram que tanto a deputada quanto o presidente Bolsonaro &#8220;valendo-se das qualidades inerentes aos cargos p\u00fablicos que exercem, agem de maneira dissimulada&#8221;, interferindo politicamente na Pol\u00edcia Federal, &#8220;com vazamento de informa\u00e7\u00f5es a pessoas estranhas aos quadros investigativos do \u00f3rg\u00e3o&#8221;. Essa conclus\u00e3o \u00e9 endossada pelas declara\u00e7\u00f5es da pr\u00f3pria deputada:<\/p>\n<p>\u201cA gente j\u00e1 teve algumas opera\u00e7\u00f5es da Pol\u00edcia Federal que estavam ali, na agulha para sair, mas n\u00e3o sa\u00edam. A gente deve ter, nos pr\u00f3ximos meses, o que vamos chamar de \u2018Covid\u00e3o\u2019 ou de&#8230; N\u00e3o sei qual vai ser o nome que eles v\u00e3o dar, mas j\u00e1 tem alguns governadores sendo investigados pela Pol\u00edcia Federal\u201d.<\/p>\n<p>De acordo com o PDT, a liga\u00e7\u00e3o de Carla Zambelli com as interfer\u00eancias do governo Bolsonaro na Pol\u00edcia Federal ficou evidenciada pelas declara\u00e7\u00f5es do ex-ministro da Justi\u00e7a S\u00e9rgio Moro, feitas durante coletiva de imprensa realizada no dia 22 de abril, quando anunciou o seu pedido de demiss\u00e3o do cargo.<\/p>\n<p>Na peti\u00e7\u00e3o, o PDT destaca ainda os fortes ind\u00edcios de que Bolsonaro tamb\u00e9m pressiona a troca dos cargos de chefia da PF para indicar pessoas que poderiam permitir a sua interfer\u00eancia pol\u00edtica na institui\u00e7\u00e3o, assim como Carla Zambelli, que &#8220;obt\u00e9m informa\u00e7\u00f5es privilegiadas com autoridades estrat\u00e9gicas&#8221; na PF para direcionar atos investigativos para prejudicar desafetos do presidente.<\/p>\n<p>A peti\u00e7\u00e3o tamb\u00e9m anexou uma nota da Federa\u00e7\u00e3o Nacional dos Policiais Federais (Fenapef), na qual a entidade afirma haver liga\u00e7\u00e3o de Zambelli com delegados da PF desde a \u00e9poca em que dirigia o movimento &#8220;Nas Ruas&#8221;.<\/p>\n<p>De acordo com os fatos, o PDT requereu que o procurador-geral da Rep\u00fablica instaure inqu\u00e9rito policial para a ado\u00e7\u00e3o de todas as medidas necess\u00e1rias para a investiga\u00e7\u00e3o dos crimes mencionados, considerando a import\u00e2ncia de se manter a atua\u00e7\u00e3o da PF livre da interfer\u00eancia do Poder Executivo Federal e de parlamentares da base aliada do governo, que venham a impedir que a institui\u00e7\u00e3o exer\u00e7a suas atribui\u00e7\u00f5es de forma &#8220;impessoal e eficiente&#8221;.<\/p>\n<p>Confira a peti\u00e7\u00e3o na \u00edntegra:\u00a0<a href=\"http:\/\/pdt-rj.org.br\/wp-content\/uploads\/2020\/05\/Representa\u00e7\u00e3o-do-PDT-na-PGR-contra-Carla-Zambelli.pdf\">Representa\u00e7\u00e3o do PDT na PGR contra Carla Zambelli<\/a><\/p>\n<!-- AddThis Advanced Settings generic via filter on the_content --><!-- AddThis Share Buttons generic via filter on the_content -->","protected":false},"excerpt":{"rendered":"<p>Nesta ter\u00e7a-feira (26), o PDT entrou com uma representa\u00e7\u00e3o na Procuradoria-Geral da Rep\u00fablica (PGR) contra a deputada federal Carla Zambelli (PSL-SP) por poss\u00edvel tr\u00e1fico de influ\u00eancia e crime de advocacia administrativa (crime praticado contra a Administra\u00e7\u00e3o P\u00fablica por funcion\u00e1rio p\u00fablico). A peti\u00e7\u00e3o tem como base declara\u00e7\u00f5es da parlamentar que, em entrevista ontem (25) \u00e0 R\u00e1dio&#8230;<!-- AddThis Advanced Settings generic via filter on wp_trim_excerpt --><!-- AddThis Share Buttons generic via filter on wp_trim_excerpt --><\/p>\n","protected":false},"author":17,"featured_media":71508,"comment_status":"closed","ping_status":"closed","sticky":false,"template":"","format":"standard","meta":{"_monsterinsights_skip_tracking":false,"_monsterinsights_sitenote_active":false,"_monsterinsights_sitenote_note":"","_monsterinsights_sitenote_category":0,"_uf_show_specific_survey":0,"_uf_disable_surveys":false,"footnotes":""},"categories":[976],"tags":[3594,3612],"class_list":["post-71501","post","type-post","status-publish","format-standard","has-post-thumbnail","hentry","category-noticias-em-destaque","tag-pgr","tag-trafico-de-influencia"],"acf":[],"_links":{"self":[{"href":"https:\/\/pdt-rj.org.br\/index.php\/wp-json\/wp\/v2\/posts\/71501","targetHints":{"allow":["GET"]}}],"collection":[{"href":"https:\/\/pdt-rj.org.br\/index.php\/wp-json\/wp\/v2\/posts"}],"about":[{"href":"https:\/\/pdt-rj.org.br\/index.php\/wp-json\/wp\/v2\/types\/post"}],"author":[{"embeddable":true,"href":"https:\/\/pdt-rj.org.br\/index.php\/wp-json\/wp\/v2\/users\/17"}],"replies":[{"embeddable":true,"href":"https:\/\/pdt-rj.org.br\/index.php\/wp-json\/wp\/v2\/comments?post=71501"}],"version-history":[{"count":5,"href":"https:\/\/pdt-rj.org.br\/index.php\/wp-json\/wp\/v2\/posts\/71501\/revisions"}],"predecessor-version":[{"id":71510,"href":"https:\/\/pdt-rj.org.br\/index.php\/wp-json\/wp\/v2\/posts\/71501\/revisions\/71510"}],"wp:featuredmedia":[{"embeddable":true,"href":"https:\/\/pdt-rj.org.br\/index.php\/wp-json\/wp\/v2\/media\/71508"}],"wp:attachment":[{"href":"https:\/\/pdt-rj.org.br\/index.php\/wp-json\/wp\/v2\/media?parent=71501"}],"wp:term":[{"taxonomy":"category","embeddable":true,"href":"https:\/\/pdt-rj.org.br\/index.php\/wp-json\/wp\/v2\/categories?post=71501"},{"taxonomy":"post_tag","embeddable":true,"href":"https:\/\/pdt-rj.org.br\/index.php\/wp-json\/wp\/v2\/tags?post=71501"}],"curies":[{"name":"wp","href":"https:\/\/api.w.org\/{rel}","templated":true}]}}