{"id":71495,"date":"2020-05-26T18:37:03","date_gmt":"2020-05-26T21:37:03","guid":{"rendered":"http:\/\/pdt-rj.org.br\/?p=71495"},"modified":"2020-05-26T19:21:47","modified_gmt":"2020-05-26T22:21:47","slug":"pdt-40-anos-historia-de-uma-vida","status":"publish","type":"post","link":"https:\/\/pdt-rj.org.br\/index.php\/pdt-40-anos-historia-de-uma-vida\/","title":{"rendered":"PDT 40 anos: hist\u00f3ria de uma vida"},"content":{"rendered":"<p>Hoje o PDT comemora 40 anos, um tempo de importante exist\u00eancia.<\/p>\n<p>40 anos \u00e9 tempo para maturidade.<\/p>\n<p>Um tempo que permite desfrutar da experi\u00eancia em par da v\u00edvida emo\u00e7\u00e3o que movimenta os sonhadores, os ut\u00f3picos, \u00e0queles que buscam realizar um ideal.<\/p>\n<p>Quarenta anos \u00e9 cabal\u00edstico.<\/p>\n<p>Foram 40 anos que o Povo de Israel levou para, com muitas caminhadas e experi\u00eancias, e erros e acertos, tendo sa\u00eddo do Egito, entrarem na Terra Prometida. Foram 40 dias que Jesus experimenta o deserto, para dele sair fortalecido.<\/p>\n<p>Destes 40 anos, estou na milit\u00e2ncia h\u00e1 31 anos.<\/p>\n<p>Foi uma decis\u00e3o amadurecida, pensada, meditada, fazer parte da vida pol\u00edtica partid\u00e1ria. As alegrias e percal\u00e7os fazem parte de todo o caminho, sem nenhum arrependimento.<\/p>\n<p>Mas esta hist\u00f3ria n\u00e3o come\u00e7ou h\u00e1 31 anos, ou h\u00e1 40 anos. Assim como o PDT \u00e9 o novo caminho para uma terra que se pretende conquistar, sa\u00edmos do PTB, for\u00e7adamente \u2013 nossa hist\u00f3ria, a casa de nosso Pai \u2013 , ap\u00f3s o \u00eaxodo\/ex\u00edlio.<\/p>\n<p>Minha hist\u00f3ria com o PDT remonta minha exist\u00eancia.<\/p>\n<p>Pouco falo sobre tais eventos. Meu av\u00f4, Moacyr Souza, um ruralista, filiou-se ao PTB, exerceu a lideran\u00e7a da categoria, trabalhou, concorreu \u00e0 prefeitura, foi para o ex\u00edlio. Meu pai (seu filho), minha m\u00e3e e eu, depois meu irm\u00e3o, ficamos aqui. Nada f\u00e1cil. Nada, nada f\u00e1cil. S\u00e3o muitas as lembran\u00e7as de inseguran\u00e7a e medo, de incertezas.<\/p>\n<p>Vencemos.<\/p>\n<p>Meu av\u00f4 despede-se da vida muito cedo, n\u00e3o sem antes ter auxiliado muitos dos jovens que precisaram desembarcar de um Pa\u00eds chamado Brasil.<\/p>\n<p>Em homenagem \u00e1 hist\u00f3ria de um partido que tem forte compromisso com a sociedade brasileira, na busca de um pa\u00eds mais igualit\u00e1rio, com oportunidades de vida digna para todos os cidad\u00e3os, com trabalho, bom sal\u00e1rio, comida na mesa, produ\u00e7\u00e3o e ind\u00fastria, com independ\u00eancia, com cultura pr\u00f3pria e muito colorido.<\/p>\n<p>Nunca as reformas de base, projeto de governo do Presidente Jango foram t\u00e3o necess\u00e1rias. O PDT tem projeto de constru\u00e7\u00e3o para a Na\u00e7\u00e3o Brasileira.<\/p>\n<p>Minha atividade pol\u00edtico partid\u00e1ria \u00e9 por absoluto ideal, e nada me move al\u00e9m dele, tendo ou n\u00e3o conquistado o sonho, seguimos sonhando e escrevendo hist\u00f3ria.<\/p>\n<p>Para quem me deu todos os legados, fa\u00e7o a homenagem do alicerce, segue a este texto fotografias do meu av\u00f4 (que est\u00e1 sozinho ao centro) e eventos de campanha e encontros com seu amigo Dr. Jango e, tamb\u00e9m, Dr. Leonel. Presentes na cole\u00e7\u00e3o de fotos minha av\u00f3, Mira, sempre apoiadora do Dr. Leonel no retorno, D. Neusa, &#8230; e eu, muito crian\u00e7a no colo do meu av\u00f4, e uns anos ap\u00f3s, na tradicional foto da escola. H\u00e1 quem diga que n\u00e3o mudei muito.<\/p>\n<p>PDT, Parab\u00e9ns pelos 40! Nos fazemos no caminho e na luta, \u00e9 nele que aprendemos e ajustamos arestas, que projetamos o futuro. H\u00e1 muito caminho a trilhar.<\/p>\n<p>&nbsp;<\/p>\n<p><em><strong>*Renata Gabert de Souza \u00e9 advogada, integrante da Comiss\u00e3o Especial da Advocacia Trabalhista OAB\/RS, membro dos Diret\u00f3rios Estadual e Nacional do PDT, integra o Movimento dos Advogados, vice-Presidente do Movimento Comunit\u00e1rio Trabalhista (MCT-RS), e membro da Comiss\u00e3o de \u00c9tica da A\u00e7\u00e3o da Mulher Trabalhista (AMT-RS).<\/strong><\/em><\/p>\n<!-- AddThis Advanced Settings generic via filter on the_content --><!-- AddThis Share Buttons generic via filter on the_content -->","protected":false},"excerpt":{"rendered":"<p>Hoje o PDT comemora 40 anos, um tempo de importante exist\u00eancia. 40 anos \u00e9 tempo para maturidade. Um tempo que permite desfrutar da experi\u00eancia em par da v\u00edvida emo\u00e7\u00e3o que movimenta os sonhadores, os ut\u00f3picos, \u00e0queles que buscam realizar um ideal. Quarenta anos \u00e9 cabal\u00edstico. Foram 40 anos que o Povo de Israel levou para,&#8230;<!-- AddThis Advanced Settings generic via filter on wp_trim_excerpt --><!-- AddThis Share Buttons generic via filter on wp_trim_excerpt --><\/p>\n","protected":false},"author":17,"featured_media":71496,"comment_status":"closed","ping_status":"closed","sticky":false,"template":"","format":"standard","meta":{"_monsterinsights_skip_tracking":false,"_monsterinsights_sitenote_active":false,"_monsterinsights_sitenote_note":"","_monsterinsights_sitenote_category":0,"_uf_show_specific_survey":0,"_uf_disable_surveys":false,"footnotes":""},"categories":[1584,1390],"tags":[3611],"class_list":["post-71495","post","type-post","status-publish","format-standard","has-post-thumbnail","hentry","category-artigos","category-editorias","tag-renata-gabert-de-souza"],"acf":[],"_links":{"self":[{"href":"https:\/\/pdt-rj.org.br\/index.php\/wp-json\/wp\/v2\/posts\/71495","targetHints":{"allow":["GET"]}}],"collection":[{"href":"https:\/\/pdt-rj.org.br\/index.php\/wp-json\/wp\/v2\/posts"}],"about":[{"href":"https:\/\/pdt-rj.org.br\/index.php\/wp-json\/wp\/v2\/types\/post"}],"author":[{"embeddable":true,"href":"https:\/\/pdt-rj.org.br\/index.php\/wp-json\/wp\/v2\/users\/17"}],"replies":[{"embeddable":true,"href":"https:\/\/pdt-rj.org.br\/index.php\/wp-json\/wp\/v2\/comments?post=71495"}],"version-history":[{"count":4,"href":"https:\/\/pdt-rj.org.br\/index.php\/wp-json\/wp\/v2\/posts\/71495\/revisions"}],"predecessor-version":[{"id":71503,"href":"https:\/\/pdt-rj.org.br\/index.php\/wp-json\/wp\/v2\/posts\/71495\/revisions\/71503"}],"wp:featuredmedia":[{"embeddable":true,"href":"https:\/\/pdt-rj.org.br\/index.php\/wp-json\/wp\/v2\/media\/71496"}],"wp:attachment":[{"href":"https:\/\/pdt-rj.org.br\/index.php\/wp-json\/wp\/v2\/media?parent=71495"}],"wp:term":[{"taxonomy":"category","embeddable":true,"href":"https:\/\/pdt-rj.org.br\/index.php\/wp-json\/wp\/v2\/categories?post=71495"},{"taxonomy":"post_tag","embeddable":true,"href":"https:\/\/pdt-rj.org.br\/index.php\/wp-json\/wp\/v2\/tags?post=71495"}],"curies":[{"name":"wp","href":"https:\/\/api.w.org\/{rel}","templated":true}]}}