{"id":71489,"date":"2020-05-28T17:21:22","date_gmt":"2020-05-28T20:21:22","guid":{"rendered":"http:\/\/pdt-rj.org.br\/?p=71489"},"modified":"2020-08-28T12:18:15","modified_gmt":"2020-08-28T15:18:15","slug":"tulio-gadelha-protocola-projeto-para-tipificar-crimes-contra-profissionais-da-imprensa-no-exercicio-da-profissao","status":"publish","type":"post","link":"https:\/\/pdt-rj.org.br\/index.php\/tulio-gadelha-protocola-projeto-para-tipificar-crimes-contra-profissionais-da-imprensa-no-exercicio-da-profissao\/","title":{"rendered":"T\u00falio Gad\u00ealha protocola projeto para tipificar crimes contra profissionais da imprensa no exerc\u00edcio da profiss\u00e3o"},"content":{"rendered":"<p>Em meio aos constantes ataques \u00e0 imprensa, o deputado federal pedetista T\u00falio Gad\u00ealha (PE) protocolou, na \u00faltima ter\u00e7a-feira (26), um projeto de lei que visa \u00e0 altera\u00e7\u00e3o do C\u00f3digo Penal para tipificar crimes cometidos contra profissionais da imprensa no exerc\u00edcio da profiss\u00e3o. O PL 2896\/20 ainda prev\u00ea o tipo penal de constrangimento e pede aumento de pena nos casos de les\u00e3o corporal e homic\u00eddio.<\/p>\n<p>De acordo com o projeto, a pena de reclus\u00e3o em caso de homic\u00eddio de jornalistas ser\u00e1 de 12 a 30 anos. Em caso de les\u00e3o, se praticada contra profissional da imprensa, a pena aumenta em 1\/3. J\u00e1 o constrangimento a estes profissionais, mediante viol\u00eancia ou grave amea\u00e7a, de forma a impedir o exerc\u00edcio da profiss\u00e3o, ter\u00e1 como pena deten\u00e7\u00e3o de seis meses a 2 anos, e multa, al\u00e9m da pena correspondente \u00e0 viol\u00eancia. A pena \u00e9 aumentada em um ter\u00e7o, se do fato resulta preju\u00edzo ao trabalho investigativo.<\/p>\n<p>\u201cComo forma de inibirmos a escalada de viol\u00eancia contra jornalistas, propomos inovar o C\u00f3digo Penal, tipificando o constrangimento, ou mesmo amea\u00e7a a jornalista quando no desempenho de suas atividades, e, ao tempo, endurecemos as penas em casos de les\u00f5es e morte\u201d, justifica. \u201cN\u00e3o podemos nos utilizar a liberdade de express\u00e3o para agredir os outros\u201d.<\/p>\n<p>Ap\u00f3s ataques bolsonaristas, diversos ve\u00edculos de comunica\u00e7\u00e3o \u2013 como Folha de S. Paulo, Grupo Globo, Band, Metr\u00f3poles, Correio Braziliense \u2013 anunciaram na noite desta segunda-feira (25) que n\u00e3o enviar\u00e3o mais rep\u00f3rter para a cobertura em frente ao Pal\u00e1cio da Alvorada. Os profissionais t\u00eam sido alvo cada vez mais frequente de hostilidades por parte do presidente Jair Bolsonaro e de seus apoiadores.<\/p>\n<p>O Relat\u00f3rio da Federa\u00e7\u00e3o Nacional dos Jornalistas (FENAJ) registrou, em 2019, 208 casos de ataques a ve\u00edculos de comunica\u00e7\u00e3o e jornalistas, o que corresponde a aumento de 54% em rela\u00e7\u00e3o a 2018. De acordo com o documento, Bolsonaro, sozinho, foi respons\u00e1vel por 114 casos de descr\u00e9dito da imprensa e outros sete de agress\u00f5es verbais e amea\u00e7as diretas a jornalistas, totalizando 121 casos.<\/p>\n<p>&nbsp;<\/p>\n<!-- AddThis Advanced Settings generic via filter on the_content --><!-- AddThis Share Buttons generic via filter on the_content -->","protected":false},"excerpt":{"rendered":"<p>Em meio aos constantes ataques \u00e0 imprensa, o deputado federal pedetista T\u00falio Gad\u00ealha (PE) protocolou, na \u00faltima ter\u00e7a-feira (26), um projeto de lei que visa \u00e0 altera\u00e7\u00e3o do C\u00f3digo Penal para tipificar crimes cometidos contra profissionais da imprensa no exerc\u00edcio da profiss\u00e3o. O PL 2896\/20 ainda prev\u00ea o tipo penal de constrangimento e pede aumento&#8230;<!-- AddThis Advanced Settings generic via filter on wp_trim_excerpt --><!-- AddThis Share Buttons generic via filter on wp_trim_excerpt --><\/p>\n","protected":false},"author":17,"featured_media":71492,"comment_status":"closed","ping_status":"closed","sticky":false,"template":"","format":"standard","meta":{"_monsterinsights_skip_tracking":false,"_monsterinsights_sitenote_active":false,"_monsterinsights_sitenote_note":"","_monsterinsights_sitenote_category":0,"_uf_show_specific_survey":0,"_uf_disable_surveys":false,"footnotes":""},"categories":[1390,1459],"tags":[3607,3610,3609,3608,2491],"class_list":["post-71489","post","type-post","status-publish","format-standard","has-post-thumbnail","hentry","category-editorias","category-congresso","tag-alteracao-do-codigo-penal","tag-ataques-a-veiculos-de-comunicacao","tag-fenaj","tag-pl-2896-20","tag-tulio-gadelha"],"acf":[],"_links":{"self":[{"href":"https:\/\/pdt-rj.org.br\/index.php\/wp-json\/wp\/v2\/posts\/71489","targetHints":{"allow":["GET"]}}],"collection":[{"href":"https:\/\/pdt-rj.org.br\/index.php\/wp-json\/wp\/v2\/posts"}],"about":[{"href":"https:\/\/pdt-rj.org.br\/index.php\/wp-json\/wp\/v2\/types\/post"}],"author":[{"embeddable":true,"href":"https:\/\/pdt-rj.org.br\/index.php\/wp-json\/wp\/v2\/users\/17"}],"replies":[{"embeddable":true,"href":"https:\/\/pdt-rj.org.br\/index.php\/wp-json\/wp\/v2\/comments?post=71489"}],"version-history":[{"count":4,"href":"https:\/\/pdt-rj.org.br\/index.php\/wp-json\/wp\/v2\/posts\/71489\/revisions"}],"predecessor-version":[{"id":71537,"href":"https:\/\/pdt-rj.org.br\/index.php\/wp-json\/wp\/v2\/posts\/71489\/revisions\/71537"}],"wp:featuredmedia":[{"embeddable":true,"href":"https:\/\/pdt-rj.org.br\/index.php\/wp-json\/wp\/v2\/media\/71492"}],"wp:attachment":[{"href":"https:\/\/pdt-rj.org.br\/index.php\/wp-json\/wp\/v2\/media?parent=71489"}],"wp:term":[{"taxonomy":"category","embeddable":true,"href":"https:\/\/pdt-rj.org.br\/index.php\/wp-json\/wp\/v2\/categories?post=71489"},{"taxonomy":"post_tag","embeddable":true,"href":"https:\/\/pdt-rj.org.br\/index.php\/wp-json\/wp\/v2\/tags?post=71489"}],"curies":[{"name":"wp","href":"https:\/\/api.w.org\/{rel}","templated":true}]}}