{"id":71485,"date":"2020-05-26T14:27:42","date_gmt":"2020-05-26T17:27:42","guid":{"rendered":"http:\/\/pdt-rj.org.br\/?p=71485"},"modified":"2020-05-26T14:28:59","modified_gmt":"2020-05-26T17:28:59","slug":"pdt-um-partido-com-a-cara-do-brasil","status":"publish","type":"post","link":"https:\/\/pdt-rj.org.br\/index.php\/pdt-um-partido-com-a-cara-do-brasil\/","title":{"rendered":"PDT: um partido com a cara do Brasil"},"content":{"rendered":"<p>A Constitui\u00e7\u00e3o da Rep\u00fablica Federativa do Brasil contempla garantias para a livre organiza\u00e7\u00e3o de partidos pol\u00edticos em nosso pa\u00eds, tanto que j\u00e1 temos aproximadamente 40 institu\u00eddos ou em vias de organiza\u00e7\u00e3o. Mas nem sempre foi assim. Na ditadura, instalada em 31 de mar\u00e7o de 1964 com a deposi\u00e7\u00e3o do Presidente Jo\u00e3o Belchior Marques Goulart e a cassa\u00e7\u00e3o de lideran\u00e7as como Leonel de Moura Brizola (ent\u00e3o Deputado Federal, sendo o mais votado da hist\u00f3ria brasileira), o PTB (Partido Trabalhista Brasileiro) e todas as demais agremia\u00e7\u00f5es partid\u00e1rias foram extintas e deram lugar a apenas duas frentes pol\u00edticas: o MDB (Movimento Democr\u00e1tico Brasileiro), que reunia fac\u00e7\u00f5es opositoras ao golpismo imposto contra as institui\u00e7\u00f5es e as liberdades democr\u00e1ticas, e a ARENA (Alian\u00e7a Libertadora Nacional), que reunia grupos pol\u00edticos conservadores de apoio ao regime ditatorial.<\/p>\n<p>Os trabalhistas sofreram as mais graves e torpes persegui\u00e7\u00f5es dos governos militares e mesmo na chamada redemocratiza\u00e7\u00e3o do pa\u00eds passaram por grandes obst\u00e1culos para ressurgirem organicamente, pois at\u00e9 ent\u00e3o vinham atuando como setor no MDB tendo seus mais expressivos l\u00edderes, vivendo as amarguras do ex\u00edlio. As articula\u00e7\u00f5es para a retomada da hist\u00f3rica legenda getulista tiveram, portanto, resson\u00e2ncia no exterior atrav\u00e9s de contatos e encontros que se estabeleciam entre as lideran\u00e7as exiladas e os trabalhistas que atuavam no Brasil, clandestinos ou na frente opositora do regime ditatorial. Neste contexto houve amplo encontro entre 15 e 17 de junho de 1979 na cidade de Lisboa, Portugal, reunindo 140 lideran\u00e7as com o objetivo de acelerar as formalidades de reestrutura\u00e7\u00e3o do antigo PTB na esteira da Anistia que viria em seguida.<\/p>\n<p>Daquele encontro em Portugal foi editada a \u201cCarta de Lisboa\u201d, da qual colhemos tr\u00eas de suas magn\u00edficas li\u00e7\u00f5es:<\/p>\n<p>1. \u201cEntendemos a necessidade de um intenso debate para o desenvolvimento constante da democracia e, n\u00f3s, Trabalhistas, estaremos sempre empenhados em discutir com todas as for\u00e7as populares e democr\u00e1ticas de nosso pa\u00eds. \u00c9 por isso que favoreceremos o surgimento de outras organiza\u00e7\u00f5es, que auspiciamos o aparecimento de outros partidos e que, nas nossas lutas, respeitaremos os seus princ\u00edpios\u201d.<\/p>\n<p>2. \u201cA experi\u00eancia hist\u00f3rica nos ensina, de um lado, que nenhum partido pode chegar e se manter no governo sem contar com o povo organizado e, de outro, que as organiza\u00e7\u00f5es populares n\u00e3o podem realizar suas aspira\u00e7\u00f5es sem partidos que as transformem em realidade atrav\u00e9s do poder de Estado Democr\u00e1tico\u201d.<\/p>\n<p>3. \u201cAnalisando a conjuntura brasileira, conclu\u00edmos pela necessidade de assumirmos a responsabilidade que exige o momento hist\u00f3rico e de convocarmos todas as for\u00e7as comprometidas com os interesses dos oprimidos, dos marginalizados, de todos os trabalhadores brasileiros, para que nos somemos na tarefa de constru\u00e7\u00e3o de um partido popular, nacional e democr\u00e1tico, o nosso novo PTB\u201d.<\/p>\n<p>Ap\u00f3s cumprir 15 anos e 5 meses de ex\u00edlio Leonel Brizola retornou ao Brasil em setembro de 1979, tendo nas m\u00e3os a \u201cCarta de Lisboa\u201d e as linhas gerais que haviam antecipado para, juntamente com centenas de trabalhistas, reorganizar o partido no qual iniciou politicamente ao lado do Presidente Get\u00falio Dornelles Vargas. A recep\u00e7\u00e3o em Foz do Igua\u00e7u, em 6 de setembro, atraiu milhares de pessoas que celebraram a volta do grande l\u00edder \u00e0 cena pol\u00edtica nacional. A contagiante alegria dos trabalhistas, entretanto, n\u00e3o durou mais do que alguns meses. Temendo a pujan\u00e7a que o PTB teria sob o comando de Brizola, considerado leg\u00edtimo herdeiro do legado de Goulart e Vargas, o governo militar lan\u00e7ou m\u00e3o de ardilosas manobras jur\u00eddicas para entregar a sigla getulista a um grupo de oportunistas liderados por Ivete Vargas, deputada federal por S\u00e3o Paulo que se prestou ao papel de servir ao sistema, permitindo que explorassem vergonhosamente seu parentesco distante (sobrinha neta) com o estadista, al\u00e9m de estimular o surgimento do PT (Partido dos Trabalhadores) comandado por Luiz In\u00e1cio Lula da Silva que assume nas d\u00e9cadas seguintes o papel divisionista depreciando a Era Vargas e se impondo em obst\u00e1culo como pedra inflada no caminho brizolista.<\/p>\n<p>Aquela artimanha maior do governo militar conhecida como roubo da sigla e arquitetada pelo general Golbery do Couto e Silva, bruxo mor da ditadura, foi repugnante de tal ordem que Leonel Brizola reagiu imediatamente e diante da imprensa rasgou um peda\u00e7o de papel contendo as iniciais PTB e anunciou aos prantos que organizaria outro Partido Trabalhista. Com o comovente gesto, Brizola e os trabalhistas leais descartaram qualquer alian\u00e7a ou coniv\u00eancia com os bajuladores do poder. Os fatos a\u00ed relatados, constrangedores para os petebistas ditos modernos, resultaram na cria\u00e7\u00e3o do PDT (Partido Democr\u00e1tico Trabalhista) que h\u00e1 40 anos emergiu na conjuntura da redemocratiza\u00e7\u00e3o brasileira inspirando o espetacular poema de Carlos Drummond de Andrade:<\/p>\n<p><strong>Eu vi<\/strong><br \/>\n\u201cVi um homem chorar porque lhe negaram o direito de usar tr\u00eas letras do alfabeto para fins pol\u00edticos. Vi uma mulher beber champanha porque lhe deram esse direito negado ao outro. Vi um homem rasgar o papel em que estavam escritas as tr\u00eas letras, que ele tanto amava. Como j\u00e1 vi amantes rasgarem retratos de suas amadas, na impossibilidade de rasgarem as pr\u00f3prias amadas.<\/p>\n<p>Vi homic\u00eddio que n\u00e3o se praticaram mas que foram aut\u00eanticos homic\u00eddios: o gesto no ar, sem conseq\u00fc\u00eancia, testemunhava a inten\u00e7\u00e3o. Vi o poder dos dedos. Mesmo sem puxar gatilho, mesmo sem gatilho a puxar, eles consumaram a morte em pensamento.<\/p>\n<p style=\"text-align: left;\">Vi a paix\u00e3o e toda as suas cores. Envolta em diferentes vestes, adornada de complementos distintos, era o mesmo n\u00facleo desesperado, a carne viva; E vi dan\u00e7as festejando a derrota do advers\u00e1rio, e cantos e fogos. Vi o sentido amb\u00edguo de toda festa. H\u00e1 sempre uma antifesta ao lado, que n\u00e3o se faz sentir, e d\u00f3i para dentro.<br \/>\nA pol\u00edtica, vi as impurezas da pol\u00edtica recobrindo sua pureza te\u00f3rica. Ou o contr\u00e1rio&#8230; Se ela \u00e9 jogo, como pode ser pura? Se ela visa o bem geral, por qu\u00ea se nutre de combina\u00e7\u00f5es e at\u00e9 de fraudes? Vi os discursos&#8230;\u201d<br \/>\nCarlos Drummond de Andrade<\/p>\n<p style=\"text-align: right;\">(Jornal do Brasil, 15\/05\/1980 \u2013 Caderno B \u2013 P\u00e1gina 1)<\/p>\n<p>Estruturar o novo partido em pelo menos 1\/3 dos estados brasileiros num curto prazo, para ensejar a posse dos eleitos nas elei\u00e7\u00f5es de 1982, tornou-se um enorme desafio. No Paran\u00e1, o PDT foi organizado sob a presid\u00eancia do advogado e ex-deputado estadual Jacinto Sim\u00f5es, tendo no Oeste e Sudoeste suas principais bases pol\u00edticas, regi\u00f5es nas quais o Trabalhismo foi sempre muito forte especialmente pela atua\u00e7\u00e3o de dirigentes e l\u00edderes oriundos dos bons tempos de Abilon de Souza Naves e L\u00e9o de Almeida Neves, respectivamente senador de saudosa mem\u00f3ria falecido em 12 de dezembro de 1959 em plena campanha para o Governo do Estado e brilhante deputado federal cassado pela ditadura em 1966 quando tamb\u00e9m se apresentava como potencial candidato a governador nas elei\u00e7\u00f5es que ocorreriam a seguir.<\/p>\n<p>Carrego com entusiasmo parte deste legado, desde algumas a\u00e7\u00f5es como assistente de imprensa nos anos 80 de Jacinto Sim\u00f5es, ou atrav\u00e9s de iniciativas pioneiras em per\u00edodos fechados como os vivenciados com Jaime Lerner e Osmar Dias, quando raramente se podia imaginar atividades de base, at\u00e9 o privil\u00e9gio de cooperar na gest\u00e3o de Andr\u00e9 Menegotto compartilhada com os mandatos do deputado federal Gustavo Fruet e dos deputados Goura Nataraj, M\u00e1rcio Pacheco e Nelson Luersen que formam a bancada estadual pedetista.<\/p>\n<p>O Partido Democr\u00e1tico Trabalhista \u00e9 a alternativa dos trabalhadores que dignificam as lutas e conquistas sociais forjadas a partir da Revolu\u00e7\u00e3o de 1930, que conduziu Get\u00falio Vargas \u00e0 presid\u00eancia da Rep\u00fablica. \u00c9 a continuidade do antigo e bom PTB institu\u00eddo em 1945, que incorporou as id\u00e9ias pol\u00edticas e sociais de Alberto Pasqualini e a vis\u00e3o de sociedade concebida por magn\u00edficas obras como \u201cO Povo Brasileiro\u201d do mestre Darcy Ribeiro. Que incorpora nos seus ideais a coer\u00eancia e coragem de Leonel Brizola e firme persiste empunhando a bandeira desenvolvimentista em torno de Ciro Gomes, sob a firme lideran\u00e7a de Carlos Lupi, para transformar o Brasil numa na\u00e7\u00e3o livre e verdadeiramente voltada para seu povo.<\/p>\n<!-- AddThis Advanced Settings generic via filter on the_content --><!-- AddThis Share Buttons generic via filter on the_content -->","protected":false},"excerpt":{"rendered":"<p>A Constitui\u00e7\u00e3o da Rep\u00fablica Federativa do Brasil contempla garantias para a livre organiza\u00e7\u00e3o de partidos pol\u00edticos em nosso pa\u00eds, tanto que j\u00e1 temos aproximadamente 40 institu\u00eddos ou em vias de organiza\u00e7\u00e3o. Mas nem sempre foi assim. Na ditadura, instalada em 31 de mar\u00e7o de 1964 com a deposi\u00e7\u00e3o do Presidente Jo\u00e3o Belchior Marques Goulart e&#8230;<!-- AddThis Advanced Settings generic via filter on wp_trim_excerpt --><!-- AddThis Share Buttons generic via filter on wp_trim_excerpt --><\/p>\n","protected":false},"author":17,"featured_media":71486,"comment_status":"closed","ping_status":"closed","sticky":false,"template":"","format":"standard","meta":{"_monsterinsights_skip_tracking":false,"_monsterinsights_sitenote_active":false,"_monsterinsights_sitenote_note":"","_monsterinsights_sitenote_category":0,"_uf_show_specific_survey":0,"_uf_disable_surveys":false,"footnotes":""},"categories":[1584,1390],"tags":[3605,2558,3606,565,1255],"class_list":["post-71485","post","type-post","status-publish","format-standard","has-post-thumbnail","hentry","category-artigos","category-editorias","tag-experiencia-historica","tag-foz-do-iguacu-pr","tag-getulio-dornelles-vargas","tag-leonel-brizola","tag-trabalhistas"],"acf":[],"_links":{"self":[{"href":"https:\/\/pdt-rj.org.br\/index.php\/wp-json\/wp\/v2\/posts\/71485","targetHints":{"allow":["GET"]}}],"collection":[{"href":"https:\/\/pdt-rj.org.br\/index.php\/wp-json\/wp\/v2\/posts"}],"about":[{"href":"https:\/\/pdt-rj.org.br\/index.php\/wp-json\/wp\/v2\/types\/post"}],"author":[{"embeddable":true,"href":"https:\/\/pdt-rj.org.br\/index.php\/wp-json\/wp\/v2\/users\/17"}],"replies":[{"embeddable":true,"href":"https:\/\/pdt-rj.org.br\/index.php\/wp-json\/wp\/v2\/comments?post=71485"}],"version-history":[{"count":2,"href":"https:\/\/pdt-rj.org.br\/index.php\/wp-json\/wp\/v2\/posts\/71485\/revisions"}],"predecessor-version":[{"id":71488,"href":"https:\/\/pdt-rj.org.br\/index.php\/wp-json\/wp\/v2\/posts\/71485\/revisions\/71488"}],"wp:featuredmedia":[{"embeddable":true,"href":"https:\/\/pdt-rj.org.br\/index.php\/wp-json\/wp\/v2\/media\/71486"}],"wp:attachment":[{"href":"https:\/\/pdt-rj.org.br\/index.php\/wp-json\/wp\/v2\/media?parent=71485"}],"wp:term":[{"taxonomy":"category","embeddable":true,"href":"https:\/\/pdt-rj.org.br\/index.php\/wp-json\/wp\/v2\/categories?post=71485"},{"taxonomy":"post_tag","embeddable":true,"href":"https:\/\/pdt-rj.org.br\/index.php\/wp-json\/wp\/v2\/tags?post=71485"}],"curies":[{"name":"wp","href":"https:\/\/api.w.org\/{rel}","templated":true}]}}