{"id":71479,"date":"2020-05-26T12:18:41","date_gmt":"2020-05-26T15:18:41","guid":{"rendered":"http:\/\/pdt-rj.org.br\/?p=71479"},"modified":"2020-06-02T18:26:58","modified_gmt":"2020-06-02T21:26:58","slug":"pdt-40-anos","status":"publish","type":"post","link":"https:\/\/pdt-rj.org.br\/index.php\/pdt-40-anos\/","title":{"rendered":"PDT 40 anos"},"content":{"rendered":"<p><em>Uma hist\u00f3ria marcada por luta, resist\u00eancia, defesa da democracia, do povo e do Estado brasileiro<\/em><\/p>\n<p>Quarenta anos de luta, de coer\u00eancia e de coragem. O PDT estaria hoje comemorando a data com um grande encontro em Bras\u00edlia, mas, infelizmente, tivemos que nos recolher e ficar em casa por conta da pandemia. \u00c9 o que exige a luta contra o Covid-19, tristemente agravada por outro v\u00edrus que teima em corroer o nosso Estado e a democracia: o bolsonav\u00edrus. Mesmo assim, n\u00e3o podemos deixar de registrar a import\u00e2ncia dos 40 anos do nosso partido na vida de cada um de n\u00f3s.<\/p>\n<p>S\u00e3o 40 anos, desde a funda\u00e7\u00e3o, de um partido pol\u00edtico que sempre foi nacionalista e patriota. Nossa hist\u00f3ria, ainda mais antiga que a legenda, ostenta a vis\u00e3o estrat\u00e9gica que Get\u00falio teve na d\u00e9cada de 1930 quando fez a Revolu\u00e7\u00e3o. Vargas integrou o Brasil \u2013 pa\u00eds de propor\u00e7\u00f5es continentais \u2013, tirando-o da pol\u00edtica do caf\u00e9-com-leite e entregando ao seu povo uma nova perspectiva de governo e de na\u00e7\u00e3o.<\/p>\n<p>A vis\u00e3o estrat\u00e9gica de Get\u00falio Vargas tirou o Brasil da condi\u00e7\u00e3o de pa\u00eds rural, criando e fomentando a ind\u00fastria. Tamb\u00e9m deixou como legado os direitos trabalhistas, a explora\u00e7\u00e3o nacional do petr\u00f3leo (fundou a Petrobr\u00e1s) e o voto feminino. Defendendo intransigentemente o Estado brasileiro, o trabalhista foi o \u00fanico presidente da hist\u00f3ria a dar sua vida pra impedir um golpe. Uma trajet\u00f3ria que marca a profunda heran\u00e7a honrosamente envergada pelo PDT.<\/p>\n<p>Esse trabalhismo desenvolvido com Get\u00falio, que foi alimentado por Pasqualini em seu ide\u00e1rio e teve Darcy Ribeiro e Jo\u00e3o Goulart \u2013 \u00fanico presidente morto no ex\u00edlio \u2013 em suas trincheiras, se afirma na cria\u00e7\u00e3o do partido em 26 de maio de 1980. O PDT \u00e9 o \u00fanico e leg\u00edtimo herdeiro do movimento iniciado na Revolu\u00e7\u00e3o de 1930.<\/p>\n<p>Somos herdeiros do legado de Vargas, da hist\u00f3ria de Brizola, Jango, Pasqualini, Darcy, Abdias e tanto brasileiros que com honra presidiram esse partido. Lembremos de Doutel de Andrade, Neiva Moreira, Edialeda e tantos outros nomes que \u00e9 imposs\u00edvel mencionar a todos. Mas lembramos deles olhando para o futuro grave que temos de enfrentar. Lutamos contra esse profeta da ignor\u00e2ncia que, alocado hoje no Pal\u00e1cio do Planalto, dissemina o \u00f3dio, contraria a ci\u00eancia, desrespeita a medicina e leva uma parcela da popula\u00e7\u00e3o, que ainda resiste em acreditar na sua ignor\u00e2ncia, a ser contaminada e disseminar uma doen\u00e7a.<\/p>\n<p>Quarenta anos se passaram e parece que o filme \u00e9 velho. Ainda combatemos uma direita raivosa, odienta, a mesma que obrigou Get\u00falio a se suicidar e Brizola a enfrentar, junto com Jango, o ex\u00edlio doloroso. \u00c9 a mesma direita que impediu Brizola de ser presidente da Rep\u00fablica. N\u00f3s n\u00e3o calaremos; resistiremos! O trabalhismo \u00e9 a resist\u00eancia democr\u00e1tica de luta de um povo e s\u00f3 conseguiremos ser livres quando o povo brasileiro for dono dessa na\u00e7\u00e3o.<\/p>\n<p>O trabalhismo resistir\u00e1 e n\u00f3s chegaremos l\u00e1. Somos a resist\u00eancia hist\u00f3rica de uma p\u00e1tria, na luta pela democracia, pela liberdade e pela garantia constitucional. Somos a resist\u00eancia de quem nunca desiste de lutar, mesmo contra os poderosos, contra as armas e contra a viol\u00eancia. Depende de cada um de n\u00f3s a nossa capacidade de resist\u00eancia, de luta e de coragem para vencer o inimigo maior do povo brasileiro: a ignor\u00e2ncia.<\/p>\n<!-- AddThis Advanced Settings generic via filter on the_content --><!-- AddThis Share Buttons generic via filter on the_content -->","protected":false},"excerpt":{"rendered":"<p>Uma hist\u00f3ria marcada por luta, resist\u00eancia, defesa da democracia, do povo e do Estado brasileiro Quarenta anos de luta, de coer\u00eancia e de coragem. O PDT estaria hoje comemorando a data com um grande encontro em Bras\u00edlia, mas, infelizmente, tivemos que nos recolher e ficar em casa por conta da pandemia. \u00c9 o que exige&#8230;<!-- AddThis Advanced Settings generic via filter on wp_trim_excerpt --><!-- AddThis Share Buttons generic via filter on wp_trim_excerpt --><\/p>\n","protected":false},"author":17,"featured_media":71481,"comment_status":"closed","ping_status":"closed","sticky":false,"template":"","format":"standard","meta":{"_monsterinsights_skip_tracking":false,"_monsterinsights_sitenote_active":false,"_monsterinsights_sitenote_note":"","_monsterinsights_sitenote_category":0,"_uf_show_specific_survey":0,"_uf_disable_surveys":false,"footnotes":""},"categories":[1584,1390,1401,976],"tags":[],"class_list":["post-71479","post","type-post","status-publish","format-standard","has-post-thumbnail","hentry","category-artigos","category-editorias","category-nacional","category-noticias-em-destaque"],"acf":[],"_links":{"self":[{"href":"https:\/\/pdt-rj.org.br\/index.php\/wp-json\/wp\/v2\/posts\/71479","targetHints":{"allow":["GET"]}}],"collection":[{"href":"https:\/\/pdt-rj.org.br\/index.php\/wp-json\/wp\/v2\/posts"}],"about":[{"href":"https:\/\/pdt-rj.org.br\/index.php\/wp-json\/wp\/v2\/types\/post"}],"author":[{"embeddable":true,"href":"https:\/\/pdt-rj.org.br\/index.php\/wp-json\/wp\/v2\/users\/17"}],"replies":[{"embeddable":true,"href":"https:\/\/pdt-rj.org.br\/index.php\/wp-json\/wp\/v2\/comments?post=71479"}],"version-history":[{"count":6,"href":"https:\/\/pdt-rj.org.br\/index.php\/wp-json\/wp\/v2\/posts\/71479\/revisions"}],"predecessor-version":[{"id":71689,"href":"https:\/\/pdt-rj.org.br\/index.php\/wp-json\/wp\/v2\/posts\/71479\/revisions\/71689"}],"wp:featuredmedia":[{"embeddable":true,"href":"https:\/\/pdt-rj.org.br\/index.php\/wp-json\/wp\/v2\/media\/71481"}],"wp:attachment":[{"href":"https:\/\/pdt-rj.org.br\/index.php\/wp-json\/wp\/v2\/media?parent=71479"}],"wp:term":[{"taxonomy":"category","embeddable":true,"href":"https:\/\/pdt-rj.org.br\/index.php\/wp-json\/wp\/v2\/categories?post=71479"},{"taxonomy":"post_tag","embeddable":true,"href":"https:\/\/pdt-rj.org.br\/index.php\/wp-json\/wp\/v2\/tags?post=71479"}],"curies":[{"name":"wp","href":"https:\/\/api.w.org\/{rel}","templated":true}]}}