{"id":71475,"date":"2020-05-26T12:12:16","date_gmt":"2020-05-26T15:12:16","guid":{"rendered":"http:\/\/pdt-rj.org.br\/?p=71475"},"modified":"2020-05-29T18:36:11","modified_gmt":"2020-05-29T21:36:11","slug":"pdt-40-anos-de-brizola-a-ciro","status":"publish","type":"post","link":"https:\/\/pdt-rj.org.br\/index.php\/pdt-40-anos-de-brizola-a-ciro\/","title":{"rendered":"PDT 40 anos: de Brizola a Ciro"},"content":{"rendered":"<p>Fundado a 26 de maio de 1980, historicamente o PDT se confunde com o Trabalhismo, com a vida e o legado de tr\u00eas grandes brasileiros \u2013 Get\u00falio Vargas, l\u00edder da Revolu\u00e7\u00e3o de 1930 que modernizou o Brasil; Jo\u00e3o Belchior Marques Goulart, o presidente deposto pelo golpe militar de 1964 por implantar as Reformas de Base que n\u00e3o foram feitas e at\u00e9 hoje s\u00e3o necess\u00e1rias; e Leonel de Moura Brizola, o menino pobre de Carazinho que se formou em Engenharia e valorizava a Educa\u00e7\u00e3o, al\u00e9m de ser o \u00fanico l\u00edder civil latino-americano a derrotar um golpe militar de direita j\u00e1 nas ruas, em 1961, com o levante da Legalidade.<\/p>\n<p>Brizola tamb\u00e9m foi o \u00fanico brasileiro a ser eleito governador por dois estados da federa\u00e7\u00e3o: Rio Grande do Sul e Rio de Janeiro. Fundador do PDT, defensor do legado do Trabalhismo, em novembro de 1985, em texto assinado publicado na imprensa, que chamava de \u201cTijola\u00e7o\u201d, definiu o que o Partido era para ele: \u201cNossas ra\u00edzes e fontes de inspira\u00e7\u00e3o se nutrem na Hist\u00f3ria e forma\u00e7\u00e3o de nosso povo, particularmente de suas lutas sociais e libert\u00e1rias\u201d.<\/p>\n<p>E acrescentou: \u201cO Trabalhismo \u00e9 o movimento que unificou o povo trabalhador, sua base social, e a imensa maioria da popula\u00e7\u00e3o brasileira \u2013dos marginalizados \u00e0 classe m\u00e9dia; aos profissionais e tamb\u00e9m aos pequenos e m\u00e9dios empres\u00e1rios, do campo e das cidades\u201d. Tamb\u00e9m deixou claro: \u201cNossos caminhos s\u00e3o pac\u00edficos e os nossos m\u00e9todos os democr\u00e1ticos; mas n\u00e3o nos deteremos, frente a circunst\u00e2ncia alguma, a n\u00e3o ser ante o sacrif\u00edcio in\u00fatil\u201d.<\/p>\n<p>Antes, em junho de 1979, falando aos trabalhistas reunidos no Encontro de Lisboa, quando ainda vivia no ex\u00edlio sonhando com a volta ao Brasil dissera: \u201cO pr\u00f3prio presidente Vargas teve que dar um tiro no cora\u00e7\u00e3o porque, para respald\u00e1-lo n\u00e3o havia o povo organizado e esta \u00e9 nossa grande tarefa. Se necessitarmos passar anos e anos na oposi\u00e7\u00e3o nos organizando, n\u00e3o tem import\u00e2ncia: o importante \u00e9 que o Partido se organize e adquira as dimens\u00f5es que o nosso povo necessita para que ele seja o seu instrumento\u201d.<\/p>\n<p>E para alcan\u00e7ar este objetivo, achava fundamental \u201cfocar no documento maior de nosso patrim\u00f4nio pol\u00edtico \u2013 a Carta-Testamento \u2013 em que o Presidente Get\u00falio Vargas firmou o conceito fundamental do que \u00e9 a Na\u00e7\u00e3o brasileira, o que significa e representa a nacionalidade\u201d.<\/p>\n<p>Fiel ao fio da Hist\u00f3ria do Trabalhismo, Brizola partiu para a reorganiza\u00e7\u00e3o do PTB ainda no ex\u00edlio, mas foi obrigado a fundar o PDT, em 26 de maio de 1980, como consequ\u00eancia ao golpe urdido pelo general Golbery do Couto e Silva que, com a ajuda do Tribunal Superior Eleitoral, entregou a sigla hist\u00f3rica dos trabalhistas ao grupo pol\u00edtico liderado por Yvette Vargas \u2013 servil \u00e0 ditadura. Nessa \u00e9poca o rec\u00e9m-criado Partido dos Trabalhadores, aglutinando oper\u00e1rios grevistas do ABC, n\u00e3o preocupava tanto aos donos do poder quanto os trabalhistas de Brizola.<\/p>\n<p>Cibilis da Rocha Viana, um dos fundadores do PDT ao lado de Brizola e Darcy Ribeiro, definia o PDT em meados dos anos 80 como \u201co partido que defende o trabalho\u201d. E explicava: \u201cHoje a renda nacional est\u00e1 voltada para remunerar o capital \u2013 n\u00e3o o trabalho. N\u00f3s, do PDT, temos que reverter isto, porque os que trabalham s\u00e3o maioria, n\u00e3o os que det\u00eam o capital\u201d.<\/p>\n<p>Com o \u201cfio da Hist\u00f3ria\u201d na ponta da l\u00edngua, Brizola disputa as elei\u00e7\u00f5es para governador de 1982 \u2013 a primeira depois da ditadura \u2013 e ganha de forma espetacular, no Rio de Janeiro, elegendo tamb\u00e9m expressiva bancada para a C\u00e2mara Federal, para a Assembleia Legislativa e C\u00e2mara dos Vereadores da Capital , al\u00e9m da \u00fanica vaga para o Senado. OPDT elege em 1982 por conta da vincula\u00e7\u00e3o dos votos, 16 deputados federais e 24 deputados estaduais. Em todo o pa\u00eds, o partido elege 23 deputados federais (sendo sete no Rio Grande do Sul) e 36 estaduais, al\u00e9m de 22 prefeitos e 556 vereadores.<\/p>\n<p>A partir da\u00ed, o PDT cresce nos planos regional e nacional, tornando-se um dos partidos pol\u00edticos mais atuantes do pa\u00eds nos grandes debates nacionais. Em 1984, Brizola governador do Rio, eleva a campanha pelas elei\u00e7\u00f5es diretas para presidente a um novo patamar, ao organizar e promover o com\u00edcio da Candel\u00e1ria que reuniu cerca de 1 milh\u00e3o de participantes, o maior j\u00e1 at\u00e9 ent\u00e3o realizado.<\/p>\n<p>\u00c0 frente do governo estadual, institui a pol\u00edtica de seguran\u00e7a p\u00fablica em defesa dos Direitos Humanos, em contraposi\u00e7\u00e3o aos anos de persegui\u00e7\u00f5es pol\u00edticas e torturas de prisioneiros da ditadura; promove a titula\u00e7\u00e3o de ocupa\u00e7\u00f5es urbanas com a distribui\u00e7\u00e3o dos t\u00edtulos de propriedade do programa \u2018Cada Fam\u00edlia, um lote\u201d; estimula a reforma agr\u00e1ria promovendo a ocupa\u00e7\u00e3o de \u00e1reas rurais pertencentes ao Estado por agricultores sem terra; e enfrenta, de peito aberto, a campanha feroz da m\u00eddia comercial contra seu governo e sua pessoa \u2013 candidato que era \u00e0 presid\u00eancia da Rep\u00fablica \u2013, lan\u00e7ando os \u201cTijola\u00e7os\u201d: mat\u00e9rias pagas publicadas em jornais de grande circula\u00e7\u00e3o, pagas pelo PDT e por seus militantes, atrav\u00e9s de uma conta aberta no Banerj, para se defender das acusa\u00e7\u00f5es que lhe faziam.<\/p>\n<p>Tamb\u00e9m de peito aberto, Brizola enfrenta o congelamento de pre\u00e7os do \u201cPlano Cruzado\u201d \u2013 lan\u00e7ado pelo presidente Jos\u00e9 Sarney \u2013, que compara a uma mola comprimida que n\u00e3o resolveria o problema da infla\u00e7\u00e3o galopante que se vivia aquela \u00e9poca. Era um plano eleitoreiro. Brizola n\u00e3o consegue eleger o seu sucessor, o professor Darcy Ribeiro, criador do programa de escolas integrais, que acaba perdendo para Moreira Franco, candidato do PMDB, que promete acabar com a viol\u00eancia do Rio de Janeiro em seis meses \u2013 promessa demag\u00f3gica nunca cumprida.<\/p>\n<p>Sempre coerente com seus princ\u00edpios, Brizola disputa as elei\u00e7\u00f5es presidenciais de 1989, quando perde para Lula a ida ao segundo turno; disputa as presidenciais de 1994, quando ele e Lula perdem para Fernando Henrique Cardoso; e, depois, numa demonstra\u00e7\u00e3o de grandeza \u2013 se torna vice na chapa de Lula na tentativa, em 1998, de derrotar Fernando Henrique, ap\u00f3s este promover uma escandalosa compra de votos no Congresso para aprovar o instituto da reelei\u00e7\u00e3o.<\/p>\n<p>Em 2000, ano em que Brizola come\u00e7a a aprofundar suas cr\u00edticas ao sistema informatizado de elei\u00e7\u00e3o institu\u00eddo no pa\u00eds a partir de 1996, com o advento do voto eletr\u00f4nico nos pleitos. Brizola disputa a prefeitura do Rio de Janeiro, mas fracassa. Em 2002, Brizola \u2013 \u00e0 frente do PDT \u2013 decide apoiar o candidato Ciro Gomes, do PPS \u00e0 presid\u00eancia e indica o vice da chapa; Lula passa para o 2\u00b0 turno e, com o apoio do PDT e de Brizola, vence Jos\u00e9 Serra e se elege. O PDT n\u00e3o indica ningu\u00e9m para o minist\u00e9rio, embora o PDT nomeie Miro Teixeira Ministro das Comunica\u00e7\u00f5es. Depois da indica\u00e7\u00e3o de Meirelles para presidente do Banco Central, o PDT n\u00e3o s\u00f3 decide se opor ao governo do PT, como determina, atrav\u00e9s do Diret\u00f3rio Nacional, que todos os seus filiados deixem cargos que porventura ocupem no governo do PT.<\/p>\n<p>Em junho de 2004, um ano e meio ap\u00f3s Lula assumir o governo e compor com parlamentares conservadores em busca da governabilidade, Brizola morre no Rio de Janeiro dias depois de passar mal em sua fazenda no Uruguai e assume a presid\u00eancia do PDT, com o aval do Diret\u00f3rio Nacional, o vice-presidente da legenda, Carlos Lupi \u2013 preparado, ao longo de v\u00e1rios anos de conviv\u00eancia di\u00e1ria, como um de seus poss\u00edveis sucessores na presid\u00eancia da legenda.<\/p>\n<p>Brizolista da primeira hora da refunda\u00e7\u00e3o do Trabalhismo no Brasil, Lupi, um ex-jornaleiro, desde ent\u00e3o vem trabalhando pela preserva\u00e7\u00e3o n\u00e3o s\u00f3 do legado pol\u00edtico do Trabalhismo, como pela preserva\u00e7\u00e3o da mem\u00f3ria de seus grandes \u00edcones hist\u00f3ricos, especialmente Vargas, Jo\u00e3o Goulart e Leonel Brizola. Apesar de \u201cas muitas mortes anunciadas do PDT\u201d, o Partido, ao longo destes 16 anos sem Leonel Brizola, manteve praticamente a \u00edntegra de seu Diret\u00f3rio Nacional original; manteve suas principais lideran\u00e7as estaduais; e tamb\u00e9m seu trabalho de defesa do Trabalhismo, tanto no Congresso, quanto nas assembleias e c\u00e2maras municipais.<\/p>\n<p>E desde a filia\u00e7\u00e3o de Ciro Gomes ao partido, em 2015, e sua disputa \u00e0 presid\u00eancia da Rep\u00fablica em 2018, o PDT vem se revigorando progressivamente, crescendo na prefer\u00eancia do eleitorado por conta mensagem pol\u00edtica firme, atrav\u00e9s de propostas concretas para o Brasil, de Ciro Gomes, especialmente junto ao p\u00fablico jovem, em defesa de um projeto nacional de desenvolvimento \u2013 revigorando a mensagem e as lutas de Vargas, Jango e Brizola em defesa do Brasil.<\/p>\n<!-- AddThis Advanced Settings generic via filter on the_content --><!-- AddThis Share Buttons generic via filter on the_content -->","protected":false},"excerpt":{"rendered":"<p>Fundado a 26 de maio de 1980, historicamente o PDT se confunde com o Trabalhismo, com a vida e o legado de tr\u00eas grandes brasileiros \u2013 Get\u00falio Vargas, l\u00edder da Revolu\u00e7\u00e3o de 1930 que modernizou o Brasil; Jo\u00e3o Belchior Marques Goulart, o presidente deposto pelo golpe militar de 1964 por implantar as Reformas de Base&#8230;<!-- AddThis Advanced Settings generic via filter on wp_trim_excerpt --><!-- AddThis Share Buttons generic via filter on wp_trim_excerpt --><\/p>\n","protected":false},"author":17,"featured_media":71478,"comment_status":"closed","ping_status":"closed","sticky":false,"template":"","format":"standard","meta":{"_monsterinsights_skip_tracking":false,"_monsterinsights_sitenote_active":false,"_monsterinsights_sitenote_note":"","_monsterinsights_sitenote_category":0,"_uf_show_specific_survey":0,"_uf_disable_surveys":false,"footnotes":""},"categories":[1584,1390,1401],"tags":[],"class_list":["post-71475","post","type-post","status-publish","format-standard","has-post-thumbnail","hentry","category-artigos","category-editorias","category-nacional"],"acf":[],"_links":{"self":[{"href":"https:\/\/pdt-rj.org.br\/index.php\/wp-json\/wp\/v2\/posts\/71475","targetHints":{"allow":["GET"]}}],"collection":[{"href":"https:\/\/pdt-rj.org.br\/index.php\/wp-json\/wp\/v2\/posts"}],"about":[{"href":"https:\/\/pdt-rj.org.br\/index.php\/wp-json\/wp\/v2\/types\/post"}],"author":[{"embeddable":true,"href":"https:\/\/pdt-rj.org.br\/index.php\/wp-json\/wp\/v2\/users\/17"}],"replies":[{"embeddable":true,"href":"https:\/\/pdt-rj.org.br\/index.php\/wp-json\/wp\/v2\/comments?post=71475"}],"version-history":[{"count":6,"href":"https:\/\/pdt-rj.org.br\/index.php\/wp-json\/wp\/v2\/posts\/71475\/revisions"}],"predecessor-version":[{"id":71624,"href":"https:\/\/pdt-rj.org.br\/index.php\/wp-json\/wp\/v2\/posts\/71475\/revisions\/71624"}],"wp:featuredmedia":[{"embeddable":true,"href":"https:\/\/pdt-rj.org.br\/index.php\/wp-json\/wp\/v2\/media\/71478"}],"wp:attachment":[{"href":"https:\/\/pdt-rj.org.br\/index.php\/wp-json\/wp\/v2\/media?parent=71475"}],"wp:term":[{"taxonomy":"category","embeddable":true,"href":"https:\/\/pdt-rj.org.br\/index.php\/wp-json\/wp\/v2\/categories?post=71475"},{"taxonomy":"post_tag","embeddable":true,"href":"https:\/\/pdt-rj.org.br\/index.php\/wp-json\/wp\/v2\/tags?post=71475"}],"curies":[{"name":"wp","href":"https:\/\/api.w.org\/{rel}","templated":true}]}}