{"id":71468,"date":"2020-05-26T01:47:35","date_gmt":"2020-05-26T04:47:35","guid":{"rendered":"http:\/\/pdt-rj.org.br\/?p=71468"},"modified":"2020-05-27T15:19:18","modified_gmt":"2020-05-27T18:19:18","slug":"pdt-40-anos-de-socialismo-moreno","status":"publish","type":"post","link":"https:\/\/pdt-rj.org.br\/index.php\/pdt-40-anos-de-socialismo-moreno\/","title":{"rendered":"PDT: 40 anos de Socialismo Moreno"},"content":{"rendered":"<p>A funda\u00e7\u00e3o do Partido Democr\u00e1tico Trabalhista (PDT), que completa 40 anos neste 26 de maio, \u00e9 motivo de grande orgulho para n\u00f3s trabalhistas brasileiros, desde quando sustentamos por todo esse tempo um pensamento pol\u00edtico que at\u00e9 hoje nos coloca, apesar dos anos passados, ainda na vanguarda do protagonismo pol\u00edtico brasileiro.<\/p>\n<p>De alguma forma, enquanto herdeiros de Leonel Brizola \u2013 nosso grande fundador e inspirador dos ideais pol\u00edtico e humanistas que defendemos at\u00e9 hoje \u2013 incorporamos \u00e0 nossa presente a\u00e7\u00e3o no PDT toda a tradi\u00e7\u00e3o trabalhista brasileira iniciada em 1945 quando, sob a inspira\u00e7\u00e3o do presidente Get\u00falio Vargas, foi criado o Partido Trabalhista Brasileiro \u2013 PTB, reunindo em seu programa os avan\u00e7os conquistado pelos trabalhadores em todo mundo. O trabalhismo nascia como fruto das esperan\u00e7as humanit\u00e1rias da Revolu\u00e7\u00e3o de 1930, da inspira\u00e7\u00e3o de Get\u00falio, como uma a\u00e7\u00e3o necess\u00e1ria \u00e0 evolu\u00e7\u00e3o do processo social brasileiro e \u00e0 garantia dos direitos das grandes massas daqueles que s\u00e3o em nosso pa\u00eds: os deserdados de tudo.<\/p>\n<p>Depois da Anistia em 1980, Brizola, leg\u00edtimo herdeiro de Get\u00falio, de Jango e da tradi\u00e7\u00e3o trabalhista brasileira comandava o PTB, refundado em Lisboa, em 17 de junho de 1979, mas por uma manobra dos militares brasileiros que temiam a sua influ\u00eancia, perde ilegitamente a sigla PTB. Nessas circunst\u00e2ncias ele cria o PDT.<\/p>\n<p>Dessa forma, o PDT \u00e9 o seguimento natural desta bela hist\u00f3ria de hero\u00edsmo e disposi\u00e7\u00e3o pol\u00edtica para enfrentar e vencer os valores antidemocr\u00e1ticos e desumanos que ainda escravizam o trabalho ao capital no Brasil, opondo a estes os valores humanistas e democr\u00e1ticos t\u00e3o bem representados pela simbologia da m\u00e3o segurando a rosa \u2013 que se tornou a marca oficial do PDT e \u00e9 o emblema s\u00edmbolo da Internacional Socialista, entidade da qual orgulhosamente somos o \u00fanico partido brasileiro a fazer parte.<\/p>\n<p>Toda esta hist\u00f3ria e, ali\u00e1s, toda a hist\u00f3ria do surgimento do trabalhismo brasileiro de Get\u00falio a Jango e depois a Brizola e a hist\u00f3ria do nascimento do PTB e do PDT, eu \u2013 juntamente com o meu parceiro, o jornalista Nilton Nascimento \u2013 contamos nos dois volumes da Biografia Pol\u00edtica de Leonel Brizola, livros que publicamos entre 2015 e 2019. E, certamente, a hist\u00f3ria do hero\u00edsmo p\u00e1trio desses tr\u00eas homens que contamos nestes livros, ainda falta ser escrita pelo povo brasileiro. Especialmente nestes dias em que, mais uma vez, vivemos sufocados e \u00e0 merc\u00ea do aventureirismo pol\u00edtico de dirigentes nacionais e de militares, mais uma vez, em nada comprometidos com o interesse nacional e muito menos com os interesses do povo brasileiro.<\/p>\n<p>Nesse sentido, o PDT ainda \u00e9 o \u00fanico partido brasileiro com hist\u00f3ria, programa e determina\u00e7\u00e3o pol\u00edtica para assumir as grandes causas nacionais e implantar em nosso pa\u00eds a \u201cnovidade\u201d perseguida por Get\u00falio, Jango e Brizola do Walfare State*, que por aqui, at\u00e9 hoje, ainda n\u00e3o chegou.<\/p>\n<p>Nestes 40 anos de exist\u00eancia pol\u00edtica no quadro partid\u00e1rio nacional, o PDT \u2013 pelo seu programa avan\u00e7ado \u2013 ainda representa a verdadeira Reforma Nacional. Ainda continua a manter nos dias atuais a gen\u00e9tica da grande sementeira mundial de ideias e ideais em benef\u00edcio do povo brasileiro. E como pensava Brizola, cujo centen\u00e1rio estaremos comemorando em janeiro de 2022, o PDT continua existindo para dar voz aos que n\u00e3o tem voz. Nossa ancoragem \u00e9 a \u00e1rea deserdada da popula\u00e7\u00e3o. Nosso guia \u00e9 o interesse p\u00fablico e o bem comum. Somos a express\u00e3o brasileira do socialismo democr\u00e1tico moderno. Somos o socialismo moreno.<\/p>\n<p>&nbsp;<\/p>\n<p><strong><em>*Hari Alexandre Brust \u00e9 ex-presidente da Executiva do PDT na Bahia<\/em><\/strong><\/p>\n<!-- AddThis Advanced Settings generic via filter on the_content --><!-- AddThis Share Buttons generic via filter on the_content -->","protected":false},"excerpt":{"rendered":"<p>A funda\u00e7\u00e3o do Partido Democr\u00e1tico Trabalhista (PDT), que completa 40 anos neste 26 de maio, \u00e9 motivo de grande orgulho para n\u00f3s trabalhistas brasileiros, desde quando sustentamos por todo esse tempo um pensamento pol\u00edtico que at\u00e9 hoje nos coloca, apesar dos anos passados, ainda na vanguarda do protagonismo pol\u00edtico brasileiro. De alguma forma, enquanto herdeiros&#8230;<!-- AddThis Advanced Settings generic via filter on wp_trim_excerpt --><!-- AddThis Share Buttons generic via filter on wp_trim_excerpt --><\/p>\n","protected":false},"author":17,"featured_media":71473,"comment_status":"closed","ping_status":"closed","sticky":false,"template":"","format":"standard","meta":{"_monsterinsights_skip_tracking":false,"_monsterinsights_sitenote_active":false,"_monsterinsights_sitenote_note":"","_monsterinsights_sitenote_category":0,"_uf_show_specific_survey":0,"_uf_disable_surveys":false,"footnotes":""},"categories":[1584,1390],"tags":[437,565,38,3604],"class_list":["post-71468","post","type-post","status-publish","format-standard","has-post-thumbnail","hentry","category-artigos","category-editorias","tag-getulio-vargas","tag-leonel-brizola","tag-pdt","tag-tradicao-trabalhista"],"acf":[],"_links":{"self":[{"href":"https:\/\/pdt-rj.org.br\/index.php\/wp-json\/wp\/v2\/posts\/71468","targetHints":{"allow":["GET"]}}],"collection":[{"href":"https:\/\/pdt-rj.org.br\/index.php\/wp-json\/wp\/v2\/posts"}],"about":[{"href":"https:\/\/pdt-rj.org.br\/index.php\/wp-json\/wp\/v2\/types\/post"}],"author":[{"embeddable":true,"href":"https:\/\/pdt-rj.org.br\/index.php\/wp-json\/wp\/v2\/users\/17"}],"replies":[{"embeddable":true,"href":"https:\/\/pdt-rj.org.br\/index.php\/wp-json\/wp\/v2\/comments?post=71468"}],"version-history":[{"count":4,"href":"https:\/\/pdt-rj.org.br\/index.php\/wp-json\/wp\/v2\/posts\/71468\/revisions"}],"predecessor-version":[{"id":71536,"href":"https:\/\/pdt-rj.org.br\/index.php\/wp-json\/wp\/v2\/posts\/71468\/revisions\/71536"}],"wp:featuredmedia":[{"embeddable":true,"href":"https:\/\/pdt-rj.org.br\/index.php\/wp-json\/wp\/v2\/media\/71473"}],"wp:attachment":[{"href":"https:\/\/pdt-rj.org.br\/index.php\/wp-json\/wp\/v2\/media?parent=71468"}],"wp:term":[{"taxonomy":"category","embeddable":true,"href":"https:\/\/pdt-rj.org.br\/index.php\/wp-json\/wp\/v2\/categories?post=71468"},{"taxonomy":"post_tag","embeddable":true,"href":"https:\/\/pdt-rj.org.br\/index.php\/wp-json\/wp\/v2\/tags?post=71468"}],"curies":[{"name":"wp","href":"https:\/\/api.w.org\/{rel}","templated":true}]}}