{"id":71459,"date":"2020-05-25T23:31:19","date_gmt":"2020-05-26T02:31:19","guid":{"rendered":"http:\/\/pdt-rj.org.br\/?p=71459"},"modified":"2020-05-28T23:39:14","modified_gmt":"2020-05-29T02:39:14","slug":"pdt-40-anos-da-carta-de-lisboa-ao-protagonismo-contra-bolsonaro","status":"publish","type":"post","link":"https:\/\/pdt-rj.org.br\/index.php\/pdt-40-anos-da-carta-de-lisboa-ao-protagonismo-contra-bolsonaro\/","title":{"rendered":"PDT 40 anos: da Carta de Lisboa ao protagonismo contra Bolsonaro"},"content":{"rendered":"<p>\u201cReconhecendo que \u00e9 urgente a tarefa de liberta\u00e7\u00e3o do nosso povo, n\u00f3s, brasileiros que optamos por uma solu\u00e7\u00e3o trabalhista&#8230;\u201d No resgate da abertura da <a href=\"http:\/\/pdt-rj.org.br\/index.php\/carta-de-lisboa-40-anos-de-resistencia-do-trabalhismo\/\">Carta de Lisboa<\/a>, que marcou, em 1979, a mobiliza\u00e7\u00e3o para a reorganiza\u00e7\u00e3o do Trabalhismo no p\u00f3s-ditadura, promovo um paralelo para exaltar os 40 anos de funda\u00e7\u00e3o do PDT e seu protagonismo diante de um novo momento \u00edmpar da hist\u00f3ria nacional: o combate ao fascismo do s\u00e9culo 21 na figura de Bolsonaro.<\/p>\n<p>Em quatro d\u00e9cadas, vivemos intensamente a luta por um pa\u00eds mais justo, onde a valoriza\u00e7\u00e3o do ser humano pudesse estar em equil\u00edbrio com a soberania e o desenvolvimento nacional. Avan\u00e7amos em muitos campos. Como n\u00e3o lembrar dos Cieps, no Rio de Janeiro? Mostramos que \u00e9 poss\u00edvel fazer, desde que exista comprometimento com o eixo central: o povo.<\/p>\n<p>Ao citar algumas figuras emblem\u00e1ticas como Get\u00falio Vargas, Jo\u00e3o Goulart e Alberto Pasqualini, passando por Darcy Ribeiro, Doutel de Andrade, Abdias Nascimento e Edialeda Salgado do Nascimento &#8211; e tantas outras que merecem a mesma exalta\u00e7\u00e3o -, podemos perceber que o legado trabalhista faz a diferen\u00e7a para superar cada barreira, dificuldade e empecilho, pois est\u00e1 no nosso DNA lutar pelo certo, correto e digno. \u00c9 quest\u00e3o de princ\u00edpio.<\/p>\n<p>Abro, portanto, um espa\u00e7o especial para o nosso eterno l\u00edder, Leonel Brizola. Ele continua nos dando ensinamentos at\u00e9 hoje, pois sua sabedoria transcende o marco temporal. A cada dia, buscamos reinventar e fortalecer as a\u00e7\u00f5es diante das mudan\u00e7as promovidas no mundo. Acompanhamos, de perto, para alcan\u00e7ar os objetivos democr\u00e1ticos, mas sem perder &#8211; ratifico com orgulho &#8211; a conex\u00e3o com o cidad\u00e3o em cada canto do amplo Brasil.<\/p>\n<p>Por isso, n\u00e3o vamos jamais aceitar que a nossa na\u00e7\u00e3o seja dilapidada por um movimento antidemocr\u00e1tico que tem, como figura central, um rascunho de ditador genocida e antidemocr\u00e1tico. O presidente Bolsonaro, e sua trupe, subestimaram &#8211; diante do \u00e1pice da arrog\u00e2ncia e prepot\u00eancia &#8211; a capacidade de resist\u00eancia de quem entende a na\u00e7\u00e3o livre, igualit\u00e1ria e democr\u00e1tica n\u00e3o como um slogan, mas como raz\u00e3o de vida.<\/p>\n<p>Estamos nas trincheiras com congressistas, lideran\u00e7as e militantes, pois temos hist\u00f3ria, legado, moral e for\u00e7a para, sim, lutar. N\u00e3o ser\u00e3o mil\u00edcias, muito menos a amea\u00e7a de regimes de exce\u00e7\u00e3o, que determinar\u00e3o o futuro do Brasil, pois este poder \u00e9 exclusivo do cidad\u00e3o. Os tempos s\u00e3o outros, as \u201carmas\u201d tamb\u00e9m.<\/p>\n<p>Na linha de frente, vejo, ao lado, companheiros como Carlos Lupi e Ciro Gomes, al\u00e9m de tantos jovens e experientes quadros que chegam para somar. O PDT \u00e9 diferenciado por seguir sua ess\u00eancia: plural, diversificado, aberto, verdadeiro e democr\u00e1tico.<\/p>\n<p>\u201cContinuaremos firmemente, sob a inspira\u00e7\u00e3o da Carta Testamento do Presidente Get\u00falio Vargas, a caminhada junto ao povo que nos levar\u00e1 \u00e0 emancipa\u00e7\u00e3o da P\u00e1tria.\u201d Como no encerramento da mensagem de Lisboa, concluo: estamos, com passos firmes e coerentes, na dire\u00e7\u00e3o certa pada a vit\u00f3ria. A batalha continua, pois nunca foi f\u00e1cil para n\u00f3s, trabalhistas.<\/p>\n<p><strong><em>*Manoel Dias \u00e9 secret\u00e1rio-geral nacional do PDT, ex-ministro do Trabalho e Emprego e presidente nacional da Funda\u00e7\u00e3o Leonel Brizola &#8211; Alberto Pasqualini (FLB-AP).<\/em><\/strong><\/p>\n<!-- AddThis Advanced Settings generic via filter on the_content --><!-- AddThis Share Buttons generic via filter on the_content -->","protected":false},"excerpt":{"rendered":"<p>\u201cReconhecendo que \u00e9 urgente a tarefa de liberta\u00e7\u00e3o do nosso povo, n\u00f3s, brasileiros que optamos por uma solu\u00e7\u00e3o trabalhista&#8230;\u201d No resgate da abertura da Carta de Lisboa, que marcou, em 1979, a mobiliza\u00e7\u00e3o para a reorganiza\u00e7\u00e3o do Trabalhismo no p\u00f3s-ditadura, promovo um paralelo para exaltar os 40 anos de funda\u00e7\u00e3o do PDT e seu protagonismo&#8230;<!-- AddThis Advanced Settings generic via filter on wp_trim_excerpt --><!-- AddThis Share Buttons generic via filter on wp_trim_excerpt --><\/p>\n","protected":false},"author":17,"featured_media":71460,"comment_status":"closed","ping_status":"closed","sticky":false,"template":"","format":"standard","meta":{"_monsterinsights_skip_tracking":false,"_monsterinsights_sitenote_active":false,"_monsterinsights_sitenote_note":"","_monsterinsights_sitenote_category":0,"_uf_show_specific_survey":0,"_uf_disable_surveys":false,"footnotes":""},"categories":[1584,1390,976],"tags":[1940,3598,196,1934,3600,2522,1545,220,277,2722,3599,437,514,591,3597],"class_list":["post-71459","post","type-post","status-publish","format-standard","has-post-thumbnail","hentry","category-artigos","category-editorias","category-noticias-em-destaque","tag-abdias-nascimento","tag-alberto-pasqualini","tag-carlos-lupi","tag-carta-de-lisboa","tag-carta-testamento-do-presidente-getulio-vargas","tag-carta-testamento","tag-cieps","tag-ciro-gomes","tag-darcy-ribeiro","tag-doutel-de-andrade","tag-edialeda-salgado-do-nascimento","tag-getulio-vargas","tag-joao-goulart","tag-manoel-dias","tag-pdt-40-anos"],"acf":[],"_links":{"self":[{"href":"https:\/\/pdt-rj.org.br\/index.php\/wp-json\/wp\/v2\/posts\/71459","targetHints":{"allow":["GET"]}}],"collection":[{"href":"https:\/\/pdt-rj.org.br\/index.php\/wp-json\/wp\/v2\/posts"}],"about":[{"href":"https:\/\/pdt-rj.org.br\/index.php\/wp-json\/wp\/v2\/types\/post"}],"author":[{"embeddable":true,"href":"https:\/\/pdt-rj.org.br\/index.php\/wp-json\/wp\/v2\/users\/17"}],"replies":[{"embeddable":true,"href":"https:\/\/pdt-rj.org.br\/index.php\/wp-json\/wp\/v2\/comments?post=71459"}],"version-history":[{"count":5,"href":"https:\/\/pdt-rj.org.br\/index.php\/wp-json\/wp\/v2\/posts\/71459\/revisions"}],"predecessor-version":[{"id":71607,"href":"https:\/\/pdt-rj.org.br\/index.php\/wp-json\/wp\/v2\/posts\/71459\/revisions\/71607"}],"wp:featuredmedia":[{"embeddable":true,"href":"https:\/\/pdt-rj.org.br\/index.php\/wp-json\/wp\/v2\/media\/71460"}],"wp:attachment":[{"href":"https:\/\/pdt-rj.org.br\/index.php\/wp-json\/wp\/v2\/media?parent=71459"}],"wp:term":[{"taxonomy":"category","embeddable":true,"href":"https:\/\/pdt-rj.org.br\/index.php\/wp-json\/wp\/v2\/categories?post=71459"},{"taxonomy":"post_tag","embeddable":true,"href":"https:\/\/pdt-rj.org.br\/index.php\/wp-json\/wp\/v2\/tags?post=71459"}],"curies":[{"name":"wp","href":"https:\/\/api.w.org\/{rel}","templated":true}]}}