{"id":71456,"date":"2020-05-25T23:21:18","date_gmt":"2020-05-26T02:21:18","guid":{"rendered":"http:\/\/pdt-rj.org.br\/?p=71456"},"modified":"2020-05-26T22:46:04","modified_gmt":"2020-05-27T01:46:04","slug":"leonel-brizola-estamos-cumprindo-a-grande-missao-que-getulio-vargas-nos-delegou","status":"publish","type":"post","link":"https:\/\/pdt-rj.org.br\/index.php\/leonel-brizola-estamos-cumprindo-a-grande-missao-que-getulio-vargas-nos-delegou\/","title":{"rendered":"Leonel Brizola: \u201cEstamos cumprindo a grande miss\u00e3o que Get\u00falio Vargas nos delegou\u201d"},"content":{"rendered":"<div class=\"msg-body P_wpofO mq_AS\" data-test-id=\"message-view-body-content\">\n<div class=\"jb_0 X_6MGW N_6Fd5\">\n<div id=\"yiv9577625270\">\n<div dir=\"ltr\">\n<p>\u201cCompanheiros, quem pode, nesta hora, representar a esperan\u00e7a para o povo brasileiro somos n\u00f3s, o nosso partido, o trabalhismo.\u201d Com essa perspectiva, o ent\u00e3o presidente nacional do PDT, Leonel Brizola, enaltecia a import\u00e2ncia da representatividade pedetista e o potencial de avan\u00e7o ao longo da trajet\u00f3ria nacional. O discurso, que marcou sua \u00faltima manifesta\u00e7\u00e3o p\u00fablica, ocorreu no dia 4 de junho de 2004 \u2013 17 dias antes do seu falecimento-, no Encontro Nacional da sigla, em S\u00e3o Paulo.<\/p>\n<p>Naquele ano, o partido, com 24 anos de funda\u00e7\u00e3o, passaria uma por uma vital transi\u00e7\u00e3o. Com a passagem da presid\u00eancia para Carlos Lupi, o PDT escreveu novos cap\u00edtulos at\u00e9 chegar aos atuais 40 anos com o apoio e contribui\u00e7\u00e3o de lideran\u00e7as e da milit\u00e2ncia. Foram mais 16 anos de resist\u00eancia, crescimento e evolu\u00e7\u00e3o, mas com a manuten\u00e7\u00e3o dos princ\u00edpios, valores e bandeiras eternizadas pelas palavras vision\u00e1rias de Brizola.<\/p>\n<p>\u201cEstamos cumprindo a miss\u00e3o que nosso grande chefe inspirador, Get\u00falio Vargas &#8211; o maior de todos os brasileiros, porque foi simples, humilde e s\u00e1bio \u2013 delegou. Get\u00falio veio de longe para terminar a sua vida com um ato de grande coragem para defender o povo brasileiro\u201d, afirmou o ex-governador do Rio de Janeiro e do Rio Grande do Sul.<\/p>\n<p>\u201cPorque somos um partido pol\u00edtico que tem for\u00e7a c\u00edvica, patri\u00f3tica \u2013 que n\u00e3o se vende e nem se entrega enquanto existir trabalhismo organizado neste pa\u00eds. E enquanto existir trabalhismo n\u00e3o haver\u00e1 for\u00e7a estranha no mundo que consiga firmar o p\u00e9 sobre a nossa soberania\u201d, completou.<\/p>\n<p><strong>Realidade<\/strong><\/p>\n<p>No alerta sobre a instabilidade enfrentada na recente democracia, Brizola comentou sobre o processo repressivo que limita, at\u00e9 os tempos atuais, o progresso do maior pa\u00eds da Am\u00e9rica Latina.<\/p>\n<p>\u201cCompanheiros, n\u00f3s temos uma grande responsabilidade. Tudo isto que tem acontecido desde o dia em que impuseram a ditadura, o regime da for\u00e7a, e desde que surgiu essa democracia meio mambembe manobrada pelo poder econ\u00f4mico, nosso pa\u00eds n\u00e3o conseguiu realizar-se a si mesmo. E as provas est\u00e3o a\u00ed, quando passamos os acontecimentos que vivemos, um a um\u201d,\u00a0disse.<\/p>\n<p>\u201cPrimeiro, os gra\u00fados de sempre se juntaram com os militares que, por sua vez, ficaram segurando o povo como se fosse uma vaca leiteira para que eles pudessem ordenh\u00e1-la. Depois, n\u00f3s fomos para as ruas, na campanha das \u2018Diretas J\u00e1!\u2019, que carregou muita gente falsa nas costas. Mas isso, hoje, n\u00e3o tem import\u00e2ncia porque o povo foi para a rua e derrubou a ditadura. Assim como derrubamos Hitler e Mussolini, dando nosso sangue, participando da guerra cheios de sonhos para depois ter a decep\u00e7\u00e3o que tivemos\u201d, criticou.<\/p>\n<p><strong>Enfrentamento<\/strong><\/p>\n<p>Ao defender o desenvolvimento e o potencial nacional, Brizola mostrava o comprometimento do PDT com os interesses do povo brasileiro diante do hist\u00f3rico perfil \u201centreguista\u201d e explorador dos neoliberais que dominavam os cen\u00e1rios pol\u00edtico e econ\u00f4mico.<\/p>\n<p>\u201cPorque n\u00f3s estamos com a verdade. A base da nossa doutrina, do nosso pensamento, das nossas ideias, \u00e9 a verdade irrefut\u00e1vel. N\u00f3s n\u00e3o acreditamos no capital estrangeiro que vem para c\u00e1 dizendo que traz progresso e o desenvolvimento. S\u00f3 acreditamos quando ele chega aqui trazendo suas m\u00e1quinas e suas fam\u00edlias para morar aqui &#8211; e n\u00e3o uma malinha com dinheiro escorada nos bancos interessa- dos em explorar nosso pa\u00eds\u201d, ponderou, indicando a necessidade de \u201cf\u00e1bricas, de fontes de produ\u00e7\u00e3o e de tecnologia.<\/p>\n<p>\u201cO que n\u00e3o queremos \u00e9 a bomba de suc\u00e7\u00e3o que eles trazem e ainda nos enchem de d\u00edvidas. Copiamos tudo do estrangeiro e eles at\u00e9 concordam, batem palmas, elogiam o governo. Mas, o principal, ele n\u00e3o nos d\u00e1: um bom sal\u00e1rio. L\u00e1, na terra deles, eles pagam grandes sal\u00e1rios para seus trabalhadores. Aqui, pagam a explora\u00e7\u00e3o e a mis\u00e9ria para nossos trabalhadores\u201d, acrescentou.<\/p>\n<p>O pacote de cr\u00edticas n\u00e3o indicava uma posi\u00e7\u00e3o de avers\u00e3o, mas de ratifica\u00e7\u00e3o da necess\u00e1ria independ\u00eancia na busca da justi\u00e7a social e do fortalecimento econ\u00f4mico interno da na\u00e7\u00e3o, tendo como base a for\u00e7a de trabalho e seus direitos.<\/p>\n<p>\u201cNosso partido pensa desta forma. N\u00e3o rejeita a colabora\u00e7\u00e3o do capital estrangeiro, mas sob nosso controle e n\u00e3o sob o controle deles. Tamb\u00e9m n\u00e3o damos mais import\u00e2ncia ao capital estrangeiro do que ao nosso. Isto porque nosso verdadeiro capital \u00e9 o trabalho. N\u00f3s s\u00f3 acreditamos no trabalho do povo brasileiro. Por isto \u00e9 que n\u00f3s apontamos todo este quadro como uma grande injusti\u00e7a\u201d, relatou.<\/p>\n<p>Para encerrar, Brizola deixou uma mensagem simb\u00f3lica para o futuro: \u201cEnquanto tivermos for\u00e7as e raz\u00f5es, que Deus l\u00e1 em cima nos lance as suas b\u00ean\u00e7\u00e3os, precisamos ser incans\u00e1veis e proteger nossas crian\u00e7as. Meu abra\u00e7o e muito obrigado\u201d.<\/p>\n<\/div>\n<\/div>\n<\/div>\n<\/div>\n<!-- AddThis Advanced Settings generic via filter on the_content --><!-- AddThis Share Buttons generic via filter on the_content -->","protected":false},"excerpt":{"rendered":"<p>\u201cCompanheiros, quem pode, nesta hora, representar a esperan\u00e7a para o povo brasileiro somos n\u00f3s, o nosso partido, o trabalhismo.\u201d Com essa perspectiva, o ent\u00e3o presidente nacional do PDT, Leonel Brizola, enaltecia a import\u00e2ncia da representatividade pedetista e o potencial de avan\u00e7o ao longo da trajet\u00f3ria nacional. O discurso, que marcou sua \u00faltima manifesta\u00e7\u00e3o p\u00fablica, ocorreu&#8230;<!-- AddThis Advanced Settings generic via filter on wp_trim_excerpt --><!-- AddThis Share Buttons generic via filter on wp_trim_excerpt --><\/p>\n","protected":false},"author":17,"featured_media":71457,"comment_status":"closed","ping_status":"closed","sticky":false,"template":"","format":"standard","meta":{"_monsterinsights_skip_tracking":false,"_monsterinsights_sitenote_active":false,"_monsterinsights_sitenote_note":"","_monsterinsights_sitenote_category":0,"_uf_show_specific_survey":0,"_uf_disable_surveys":false,"footnotes":""},"categories":[1390,1401],"tags":[196,437,3596,565],"class_list":["post-71456","post","type-post","status-publish","format-standard","has-post-thumbnail","hentry","category-editorias","category-nacional","tag-carlos-lupi","tag-getulio-vargas","tag-legado","tag-leonel-brizola"],"acf":[],"_links":{"self":[{"href":"https:\/\/pdt-rj.org.br\/index.php\/wp-json\/wp\/v2\/posts\/71456","targetHints":{"allow":["GET"]}}],"collection":[{"href":"https:\/\/pdt-rj.org.br\/index.php\/wp-json\/wp\/v2\/posts"}],"about":[{"href":"https:\/\/pdt-rj.org.br\/index.php\/wp-json\/wp\/v2\/types\/post"}],"author":[{"embeddable":true,"href":"https:\/\/pdt-rj.org.br\/index.php\/wp-json\/wp\/v2\/users\/17"}],"replies":[{"embeddable":true,"href":"https:\/\/pdt-rj.org.br\/index.php\/wp-json\/wp\/v2\/comments?post=71456"}],"version-history":[{"count":3,"href":"https:\/\/pdt-rj.org.br\/index.php\/wp-json\/wp\/v2\/posts\/71456\/revisions"}],"predecessor-version":[{"id":71512,"href":"https:\/\/pdt-rj.org.br\/index.php\/wp-json\/wp\/v2\/posts\/71456\/revisions\/71512"}],"wp:featuredmedia":[{"embeddable":true,"href":"https:\/\/pdt-rj.org.br\/index.php\/wp-json\/wp\/v2\/media\/71457"}],"wp:attachment":[{"href":"https:\/\/pdt-rj.org.br\/index.php\/wp-json\/wp\/v2\/media?parent=71456"}],"wp:term":[{"taxonomy":"category","embeddable":true,"href":"https:\/\/pdt-rj.org.br\/index.php\/wp-json\/wp\/v2\/categories?post=71456"},{"taxonomy":"post_tag","embeddable":true,"href":"https:\/\/pdt-rj.org.br\/index.php\/wp-json\/wp\/v2\/tags?post=71456"}],"curies":[{"name":"wp","href":"https:\/\/api.w.org\/{rel}","templated":true}]}}