{"id":71453,"date":"2020-05-25T21:23:02","date_gmt":"2020-05-26T00:23:02","guid":{"rendered":"http:\/\/pdt-rj.org.br\/?p=71453"},"modified":"2020-05-25T21:23:02","modified_gmt":"2020-05-26T00:23:02","slug":"fundacao-reune-movimentos-do-pdt-para-debater-virtualmente-o-planejamento-integrado","status":"publish","type":"post","link":"https:\/\/pdt-rj.org.br\/index.php\/fundacao-reune-movimentos-do-pdt-para-debater-virtualmente-o-planejamento-integrado\/","title":{"rendered":"Funda\u00e7\u00e3o re\u00fane movimentos do PDT para debater virtualmente o planejamento integrado"},"content":{"rendered":"<div class=\"msg-body P_wpofO mq_AS\" data-test-id=\"message-view-body-content\">\n<div class=\"jb_0 X_6MGW N_6Fd5\">\n<div id=\"yiv9445592717\">\n<div dir=\"ltr\">\n<p class=\"yiv9445592717MsoNormal\">A Funda\u00e7\u00e3o Leonel Brizola \u2013 Alberto Pasqualini (FLB-AP) promoveu, nesta segunda-feira (25), uma reuni\u00e3o virtual com presidentes e lideran\u00e7as dos movimentos do PDT para debater o planejamento integrado de a\u00e7\u00f5es de forma\u00e7\u00e3o e mobiliza\u00e7\u00e3o em n\u00edveis nacional e regionais.<\/p>\n<p class=\"yiv9445592717MsoNormal\">Conduzida pelo presidente da FLB-AP, Manoel Dias, a iniciativa analisou as proposi\u00e7\u00f5es de cada organiza\u00e7\u00e3o para atua\u00e7\u00e3o tanto no ambiente virtual durante a pandemia, quanto para as medidas presenciais ap\u00f3s o encerramento do isolamento social. J\u00e1 o secret\u00e1rio-executivo da Funda\u00e7\u00e3o, Ades Oliveira, conduziu a pauta que abordou os servi\u00e7os gratuitos oferecidos pela entidade, a partir da Universidade Aberta Leonel Brizola, dos N\u00facleos de Base, do Centro de Mem\u00f3ria Trabalhista e da Central de M\u00eddias Sociais.<\/p>\n<p class=\"yiv9445592717MsoNormal\">Ao longo da atividade, destaque para a troca de experi\u00eancias entre os presidentes nacionais de oito movimentos, incluindo Amanda Anderson, do PDT\u00a0Diversidade; Miguelina Vecchio, da A\u00e7\u00e3o da Mulher Trabalhista (AMT); William Rodrigues, da Juventude Socialista (JS), Rafael Weree, do Movimento Ind\u00edgena; Jordaci Matos, do Movimento Comunit\u00e1rio Trabalhista (MCT); Roberto Viana, do Movimento Cultural Darcy Ribeiro (MCDR); Ivaldo Paix\u00e3o, do Movimento Negro, e Marcelo Monteiro, do PDT-AX\u00c9.<\/p>\n<p class=\"yiv9445592717MsoNormal\">Na v\u00e9spera dos 40 anos do PDT, Manoel Dias, que tamb\u00e9m \u00e9 secret\u00e1rio-nacional do partido, pontuou o progresso do plano estrat\u00e9gico da Funda\u00e7\u00e3o e o potencial de alcance das boas pr\u00e1ticas a partir da contribui\u00e7\u00e3o dos movimentos, que tem elo direto com o p\u00fablico-alvo: o cidad\u00e3o nas cidades.<\/p>\n<p class=\"yiv9445592717MsoNormal\">\u201cTemos que nos preparar para poder conscientizar o povo e os futuros candidatos para o embate. Assim, promoveremos as mudan\u00e7as e reformas necess\u00e1rias. Precisamos avan\u00e7ar, pois n\u00e3o podemos criar falsas expectativas em um momento t\u00e3o cr\u00edtico da realidade do pa\u00eds\u201d, ponderou Dias, ao citar a cria\u00e7\u00e3o dos n\u00facleos de base at\u00e9 no formato digital.<\/p>\n<p class=\"yiv9445592717MsoNormal\">\u201cCom a pandemia e toda essa mudan\u00e7a radical na vida das pessoas, temos que estar na ponta para dialogar. Por isso, os movimentos representam a conex\u00e3o para o sucesso dessa empreitada, que leva conhecimento e organiza\u00e7\u00e3o para a popula\u00e7\u00e3o\u201d, completou.<\/p>\n<p class=\"yiv9445592717MsoNormal\"><strong>Presen\u00e7a<\/strong><\/p>\n<p class=\"yiv9445592717MsoNormal\">Para Amanda Anderson, a internet est\u00e1 cada vez mais difundida no dia a dia do movimento, que busca a proximidade e a articula\u00e7\u00e3o como forma de fortalecer as pol\u00edticas LGBTQI+ em todo o pa\u00eds, bem como combater os retrocessos difundidos pelo governo Bolsonaro.<\/p>\n<p class=\"yiv9445592717MsoNormal\">\u201cO PDT diversidade, no tempo de quarentena, est\u00e1 com uma programa\u00e7\u00e3o intensa de lives com pr\u00e9-candidatos e presidentes estaduais. N\u00f3s trabalhamos debates sobre educa\u00e7\u00e3o, economia e a hist\u00f3ria do PDT, por exemplo, para sair da bolha e da zona de conforto\u201d, comentou.<\/p>\n<p class=\"yiv9445592717MsoNormal\">Jordaci Matos seguiu na mesma linha de enfrentamento do bolsonarismo, que prega o \u00f3dio e a discrimina\u00e7\u00e3o. Para ele, o PDT tem legado e orgulha por seus l\u00edderes, como Leonel Brizola.<\/p>\n<p class=\"yiv9445592717MsoNormal\">\u201cVivemos um regime fascista. N\u00e3o podemos ter d\u00favidas sobre isso. E um ponto que me preocupa \u00e9 a falsa liberdade. Estaremos sempre unidos, no campo democr\u00e1tico, para impedir ataques e retrocessos. Vamos superar para construir um Brasil melhor\u201d, comentou.<\/p>\n<p class=\"yiv9445592717MsoNormal\">Representando os jovens, William Rodrigues destacou a relev\u00e2ncia das contribui\u00e7\u00f5es da Funda\u00e7\u00e3o na atua\u00e7\u00e3o coesa da JS, que busca, de forma ativa, propagar a desempenho do PDT na defesa dos interesses populares e da na\u00e7\u00e3o, bem como da bancada no Congresso.<\/p>\n<p class=\"yiv9445592717MsoNormal\">\u201cNesse cen\u00e1rio de quarentena e isolamento, as a\u00e7\u00f5es com a FLB-AP s\u00e3o importantes para dialogo e orienta\u00e7\u00e3o da milit\u00e2ncia atrav\u00e9s dos movimentos, que d\u00e3o capilaridade ao partido\u201d, disse, destacando a s\u00e9rie de lives nas p\u00e1ginas oficiais, como o \u201cFala Juventude\u201d, e o lan\u00e7amento do reposit\u00f3rio gratuito para leitura dirigida.<\/p>\n<p class=\"yiv9445592717MsoNormal\"><strong>Qualifica\u00e7\u00e3o<\/strong><\/p>\n<p class=\"yiv9445592717MsoNormal\">A organiza\u00e7\u00e3o dos pr\u00e9-candidatos para as elei\u00e7\u00f5es municipais para os embates, principalmente nas redes sociais, ganharam destaque na fala do presidente do Movimento Negro, Ivaldo Paix\u00e3o.<\/p>\n<p class=\"yiv9445592717MsoNormal\">\u201cEstamos presentes em 24 estados e Distrito Federal. Roraima e Tocantins est\u00e3o avan\u00e7ando. E o progresso passa justamente pela forma\u00e7\u00e3o. Diante disso, estimulamos que os membros fa\u00e7am os cursos da ULB para aprimorar\u201d, comentou o presidente, que tamb\u00e9m contou com a contribui\u00e7\u00e3o de Roberto Rodrigues, lideran\u00e7a na Bahia.<\/p>\n<p class=\"yiv9445592717MsoNormal\">Ao ratificar a import\u00e2ncia do engajamento pedetista diante da nova realidade mundial, Roberto Viana mostrou a necessidade de levar a an\u00e1lise pol\u00edtica para compor com temas eleitorais.<\/p>\n<p class=\"yiv9445592717MsoNormal\">\u201cAs transmiss\u00f5es virtuais indicam um novo formato pol\u00edtico-social. N\u00e3o podemos ficar restritos aos debates no per\u00edodo eleitoral, mas tamb\u00e9m focar nas an\u00e1lises pol\u00edticas, j\u00e1 considerando o impacto negativo da onda reacion\u00e1ria liderada por Bolsonaro\u201d, alertou, ao dar o exemplo da constru\u00e7\u00e3o de projetos a partir do l\u00edder da Oposi\u00e7\u00e3o na C\u00e2mara, deputado Andr\u00e9 Figueiredo.<\/p>\n<p class=\"yiv9445592717MsoNormal\">Diante do reacionarismo difundido pelo presidente da Rep\u00fablica, Rafael Weree confirma que o atual governo \u201cn\u00e3o est\u00e1 preocupado com a sa\u00fade do povo brasileiro, principalmente das minorias, como os \u00edndios e quilombolas\u201d.<\/p>\n<p class=\"yiv9445592717MsoNormal\">\u201cTemos registros, em Manaus, de ind\u00edgenas que est\u00e3o morrendo nas aldeias. Necessitamos, portanto, fortalecer a nossa presen\u00e7a mesmo com as limita\u00e7\u00f5es de mobilidade. Pela internet, levamos informa\u00e7\u00f5es e orienta\u00e7\u00f5es para preservar as \u00e1reas ind\u00edgenas\u201d, explicou.<\/p>\n<p class=\"yiv9445592717MsoNormal\">No encerramento, Marcelo Monteiro relatou a amplia\u00e7\u00e3o do PDT-Ax\u00e9 no enfrentamento do bolsonarismo e os diferencias alcan\u00e7ados com os cursos de capacita\u00e7\u00e3o da ULB.<\/p>\n<p>\u201cEstamos diante do genoc\u00eddio de povos tradicionais, incluindo os de matrizes africanas. Buscamos mudar a realidade do nosso povo a partir do conceito e preservar a hist\u00f3ria cultural. Por isso, o aux\u00edlio da Funda\u00e7\u00e3o faz a diferen\u00e7a\u201d, concluiu.<\/p><\/div>\n<\/div>\n<\/div>\n<\/div>\n<!-- AddThis Advanced Settings generic via filter on the_content --><!-- AddThis Share Buttons generic via filter on the_content -->","protected":false},"excerpt":{"rendered":"<p>A Funda\u00e7\u00e3o Leonel Brizola \u2013 Alberto Pasqualini (FLB-AP) promoveu, nesta segunda-feira (25), uma reuni\u00e3o virtual com presidentes e lideran\u00e7as dos movimentos do PDT para debater o planejamento integrado de a\u00e7\u00f5es de forma\u00e7\u00e3o e mobiliza\u00e7\u00e3o em n\u00edveis nacional e regionais. Conduzida pelo presidente da FLB-AP, Manoel Dias, a iniciativa analisou as proposi\u00e7\u00f5es de cada organiza\u00e7\u00e3o para&#8230;<!-- AddThis Advanced Settings generic via filter on wp_trim_excerpt --><!-- AddThis Share Buttons generic via filter on wp_trim_excerpt --><\/p>\n","protected":false},"author":17,"featured_media":71454,"comment_status":"closed","ping_status":"closed","sticky":false,"template":"","format":"standard","meta":{"_monsterinsights_skip_tracking":false,"_monsterinsights_sitenote_active":false,"_monsterinsights_sitenote_note":"","_monsterinsights_sitenote_category":0,"_uf_show_specific_survey":0,"_uf_disable_surveys":false,"footnotes":""},"categories":[1390],"tags":[],"class_list":["post-71453","post","type-post","status-publish","format-standard","has-post-thumbnail","hentry","category-editorias"],"acf":[],"_links":{"self":[{"href":"https:\/\/pdt-rj.org.br\/index.php\/wp-json\/wp\/v2\/posts\/71453","targetHints":{"allow":["GET"]}}],"collection":[{"href":"https:\/\/pdt-rj.org.br\/index.php\/wp-json\/wp\/v2\/posts"}],"about":[{"href":"https:\/\/pdt-rj.org.br\/index.php\/wp-json\/wp\/v2\/types\/post"}],"author":[{"embeddable":true,"href":"https:\/\/pdt-rj.org.br\/index.php\/wp-json\/wp\/v2\/users\/17"}],"replies":[{"embeddable":true,"href":"https:\/\/pdt-rj.org.br\/index.php\/wp-json\/wp\/v2\/comments?post=71453"}],"version-history":[{"count":1,"href":"https:\/\/pdt-rj.org.br\/index.php\/wp-json\/wp\/v2\/posts\/71453\/revisions"}],"predecessor-version":[{"id":71455,"href":"https:\/\/pdt-rj.org.br\/index.php\/wp-json\/wp\/v2\/posts\/71453\/revisions\/71455"}],"wp:featuredmedia":[{"embeddable":true,"href":"https:\/\/pdt-rj.org.br\/index.php\/wp-json\/wp\/v2\/media\/71454"}],"wp:attachment":[{"href":"https:\/\/pdt-rj.org.br\/index.php\/wp-json\/wp\/v2\/media?parent=71453"}],"wp:term":[{"taxonomy":"category","embeddable":true,"href":"https:\/\/pdt-rj.org.br\/index.php\/wp-json\/wp\/v2\/categories?post=71453"},{"taxonomy":"post_tag","embeddable":true,"href":"https:\/\/pdt-rj.org.br\/index.php\/wp-json\/wp\/v2\/tags?post=71453"}],"curies":[{"name":"wp","href":"https:\/\/api.w.org\/{rel}","templated":true}]}}