{"id":71386,"date":"2020-05-21T09:22:45","date_gmt":"2020-05-21T12:22:45","guid":{"rendered":"http:\/\/pdt-rj.org.br\/?p=71386"},"modified":"2020-05-22T20:52:50","modified_gmt":"2020-05-22T23:52:50","slug":"quartas-trabalhistas-debate-propoe-mobilizacao-consciente-e-integrada-contra-retrocessos-ambientais","status":"publish","type":"post","link":"https:\/\/pdt-rj.org.br\/index.php\/quartas-trabalhistas-debate-propoe-mobilizacao-consciente-e-integrada-contra-retrocessos-ambientais\/","title":{"rendered":"Quartas Trabalhistas: debate prop\u00f5e mobiliza\u00e7\u00e3o consciente e integrada contra retrocessos ambientais"},"content":{"rendered":"<div class=\"I_52qC D_FY W_6D6F\" data-test-id=\"message-view-body\">\n<div class=\"msg-body P_wpofO mq_AS\" data-test-id=\"message-view-body-content\">\n<div class=\"jb_0 X_6MGW N_6Fd5\">\n<div id=\"yiv9577161475\">\n<div dir=\"ltr\">\n<p>Os retrocessos ambientais potencializados pelas pol\u00edticas de Bolsonaro foram criticados por representantes do PDT durante o \u2018Quartas Trabalhistas\u2019. Na primeira edi\u00e7\u00e3o nacional do programa, liderada pelo presidente Funda\u00e7\u00e3o Leonel Brizola &#8211; Alberto Pasqualini (FLB-AP), Manoel Dias, nesta quarta-feira (20), a mobiliza\u00e7\u00e3o para constru\u00e7\u00e3o de caminhos e candidaturas sustent\u00e1veis, no Brasil, estiveram em an\u00e1lise durante o debate pela internet.<\/p>\n<p>Com as contribui\u00e7\u00f5es da presidenta do EcoTrabalhismo, Ivana Groff, e do ex-deputado e membro do PDT do Paran\u00e1, Nelton Friederich, o encontro permitiu evidenciar, segundo os participantes, a velocidade de degrada\u00e7\u00e3o da Amaz\u00f4nia, ao longo dos \u00faltimos 2 anos, com o afrouxamento da fiscaliza\u00e7\u00e3o e dos dispositivos legais.<\/p>\n<p>Para Dias, o enfrentamento promovido pela bancada do partido no Congresso, agregado \u00e0 integra\u00e7\u00e3o com outros representantes defensores da causa, indicar\u00e3o diferenciais na necess\u00e1ria mudan\u00e7a de rumo da na\u00e7\u00e3o.<\/p>\n<p>\u201cA pr\u00f3xima crise global ser\u00e1 a do meio ambiente. Se n\u00e3o mudar o que est\u00e1 a\u00ed vigente, ser\u00e1 muito pior em breve. O Brasil est\u00e1 perdendo recursos por causa da irresponsabilidade de um presidente genocida e criminoso, que coloca a destrui\u00e7\u00e3o da Amaz\u00f4nia como projeto de governo\u201d comentou Dias.<\/p>\n<p>\u201cVamos fazer um esfor\u00e7o para que o meio ambiente esteja sempre em evid\u00eancia na governan\u00e7a pedetista. Al\u00e9m disso, podemos aprofundar ainda mais os debates, com o apoio do Ciro Gomes e do Carlos Lupi, para avan\u00e7ar de forma consolidada, em n\u00edvel nacional\u201d, relatou.<\/p>\n<p class=\"yiv9577161475MsoNormal\"><strong>Realidade<\/strong><\/p>\n<p class=\"yiv9577161475MsoNormal\">Ao citar sua participa\u00e7\u00e3o da Eco 92 e a Rio+20, Ivana Groff valorizou o progresso do campo ambiental nas \u00faltimas d\u00e9cadas, em alinhamento com as pol\u00edticas mundiais lideradas pela Organiza\u00e7\u00e3o das Na\u00e7\u00f5es Unidas (ONU), mas tamb\u00e9m lamentou os retrocessos, acelerados, no pa\u00eds, nos \u00faltimos anos.<\/p>\n<p class=\"yiv9577161475MsoNormal\">\u201cA pol\u00edtica neoliberal do Bolsonaro est\u00e1 dilapidando a Amaz\u00f4nia, com o aumento do desmatamento. O ICMBio e o Ibama foram destru\u00eddos em fun\u00e7\u00e3o da atual gest\u00e3o do Minist\u00e9rio do Meio Ambiente. \u00c9 uma cat\u00e1strofe sem precedentes. Uma vergonha\u201d, disse.<\/p>\n<p>Sobre o engajamento a partir do movimento partid\u00e1rio, Groff relata que, j\u00e1 nas pr\u00f3ximas elei\u00e7\u00f5es, o PDT ter\u00e1 mais candidatos ecotrabalhistas em diversas regi\u00f5es.<\/p>\n<p class=\"yiv9577161475MsoNormal\">\u201cProgredimos na estrutura\u00e7\u00e3o e expans\u00e3o em todo o pa\u00eds. Estamos em 11 estados, com a previs\u00e3o de chegar, em breve, \u00e0 mais 11. Contamos, principalmente, com a chegada de jovens ligados \u00e0 sustentabilidade, pilar para manter a nossa soberania nacional\u201d, relatou.<\/p>\n<p class=\"yiv9577161475MsoNormal\">\u201cDefendemos um programa de zoneamento econ\u00f4mico, onde a gest\u00e3o p\u00fablica, com governadores e prefeitos do PDT, possa estruturar progredir na preserva\u00e7\u00e3o do ecossistema, na valoriza\u00e7\u00e3o do sistema de cooperativas e associa\u00e7\u00f5es, al\u00e9m da quest\u00e3o do saneamento b\u00e1sico\u201d, comentou.<\/p>\n<p class=\"yiv9577161475MsoNormal\">Parlamentar constituinte, em 1988,\u00a0Nelton Friederich\u00a0fez uma avalia\u00e7\u00e3o ampliada do setor a partir da crise instalada, atualmente, no pa\u00eds, e apontou que os resultados negativos s\u00e3o oriundos do modelo capitalista de desvaloriza\u00e7\u00e3o do meio ambiente.<\/p>\n<p class=\"yiv9577161475MsoNormal\">\u201cO Brasil assinou compromissos para reduzir as emiss\u00f5es de gases, mas o Temer ignorou e o Bolsonaro, agora, rasgou\u201d, lamentou, ao completar: \u201cA globaliza\u00e7\u00e3o foi somente econ\u00f4mica e \u00e9 dominada pelo sistema financeiro. Estamos desiquilibrados por uma competi\u00e7\u00e3o destruidora. Com isso, surgem casos, como a pandemia, onde percebemos o surgimento de novos tipos de doen\u00e7as, como o coronav\u00edrus.\u201d<\/p>\n<p class=\"yiv9577161475MsoNormal\">Na proje\u00e7\u00e3o do desenvolvimento sustent\u00e1vel a partir de novas pr\u00e1ticas,\u00a0Friederich tamb\u00e9m ponderou que n\u00e3o somente a sociedade, mas os representantes pedetistas necessitam \u201cter clareza do novo desenho de munic\u00edpios saud\u00e1veis, tanto para as \u00e1reas urbanas, quanto para as rurais\u201d.<\/p>\n<p class=\"yiv9577161475MsoNormal\">\u201cA quest\u00e3o do saneamento, a utiliza\u00e7\u00e3o da \u00e1gua pot\u00e1vel, a energia limpa e o tratamento do lixo s\u00e3o fatores determinantes diante da necessidade de preserva\u00e7\u00e3o da natureza. O Brasil \u00e9 continental e biodiverso. Devemos estar atentos para as novas propostas, como a Amaz\u00f4nia 4.0, que trata da cria\u00e7\u00e3o de ecossistemas de inova\u00e7\u00e3o e o enraizamento de uma nova bioeconomia\u201d, explicou.<\/p>\n<p class=\"yiv9577161475MsoNormal\">\u201cOs candidatos a prefeito e a vereador precisam estar alinhados para colocar a inclus\u00e3o social e produtiva cada vez mais presente nos governos e de mandatos. Essa vis\u00e3o estrat\u00e9gica est\u00e1 nossa ess\u00eancia trabalhista\u201d, concluiu.<\/p>\n<p><strong>Conte\u00fado<\/strong><\/p>\n<p>Espa\u00e7o aberto para lideran\u00e7as e militantes pedetistas, al\u00e9m de representantes da pol\u00edtica nacional, sociedade civil, mercado e terceiro setor, o programa, j\u00e1 realizado no Paran\u00e1, ser\u00e1 disponibilizado, na \u00edntegra, no Youtube (<a href=\"https:\/\/www.youtube.com\/user\/PDTULB\" target=\"_blank\" rel=\"nofollow noopener noreferrer\">https:\/\/www.youtube.com\/user\/PDTULB<\/a>) e no Facebook (<span class=\"yiv9577161475gmail-MsoHyperlink\"><a href=\"https:\/\/www.facebook.com\/fundacaoleonelbrizola\/\" target=\"_blank\" rel=\"nofollow noopener noreferrer\">https:\/\/www.facebook.com\/fundacaoleonelbrizola\/<\/a><\/span>).<\/p>\n<\/div>\n<\/div>\n<\/div>\n<\/div>\n<\/div>\n<!-- AddThis Advanced Settings generic via filter on the_content --><!-- AddThis Share Buttons generic via filter on the_content -->","protected":false},"excerpt":{"rendered":"<p>Os retrocessos ambientais potencializados pelas pol\u00edticas de Bolsonaro foram criticados por representantes do PDT durante o \u2018Quartas Trabalhistas\u2019. Na primeira edi\u00e7\u00e3o nacional do programa, liderada pelo presidente Funda\u00e7\u00e3o Leonel Brizola &#8211; Alberto Pasqualini (FLB-AP), Manoel Dias, nesta quarta-feira (20), a mobiliza\u00e7\u00e3o para constru\u00e7\u00e3o de caminhos e candidaturas sustent\u00e1veis, no Brasil, estiveram em an\u00e1lise durante o&#8230;<!-- AddThis Advanced Settings generic via filter on wp_trim_excerpt --><!-- AddThis Share Buttons generic via filter on wp_trim_excerpt --><\/p>\n","protected":false},"author":17,"featured_media":71387,"comment_status":"closed","ping_status":"closed","sticky":false,"template":"","format":"standard","meta":{"_monsterinsights_skip_tracking":false,"_monsterinsights_sitenote_active":false,"_monsterinsights_sitenote_note":"","_monsterinsights_sitenote_category":0,"_uf_show_specific_survey":0,"_uf_disable_surveys":false,"footnotes":""},"categories":[1390,3328],"tags":[3591,3584,3593,2872,3585,3586,67,1365,3592],"class_list":["post-71386","post","type-post","status-publish","format-standard","has-post-thumbnail","hentry","category-editorias","category-flb-ap","tag-eco-92","tag-ecotrabalhismo","tag-ecotrabalhistas","tag-icmbio","tag-ivana-groff","tag-nelton-friederich","tag-onu","tag-organizacao-das-nacoes-unidas","tag-rio20"],"acf":[],"_links":{"self":[{"href":"https:\/\/pdt-rj.org.br\/index.php\/wp-json\/wp\/v2\/posts\/71386","targetHints":{"allow":["GET"]}}],"collection":[{"href":"https:\/\/pdt-rj.org.br\/index.php\/wp-json\/wp\/v2\/posts"}],"about":[{"href":"https:\/\/pdt-rj.org.br\/index.php\/wp-json\/wp\/v2\/types\/post"}],"author":[{"embeddable":true,"href":"https:\/\/pdt-rj.org.br\/index.php\/wp-json\/wp\/v2\/users\/17"}],"replies":[{"embeddable":true,"href":"https:\/\/pdt-rj.org.br\/index.php\/wp-json\/wp\/v2\/comments?post=71386"}],"version-history":[{"count":4,"href":"https:\/\/pdt-rj.org.br\/index.php\/wp-json\/wp\/v2\/posts\/71386\/revisions"}],"predecessor-version":[{"id":71414,"href":"https:\/\/pdt-rj.org.br\/index.php\/wp-json\/wp\/v2\/posts\/71386\/revisions\/71414"}],"wp:featuredmedia":[{"embeddable":true,"href":"https:\/\/pdt-rj.org.br\/index.php\/wp-json\/wp\/v2\/media\/71387"}],"wp:attachment":[{"href":"https:\/\/pdt-rj.org.br\/index.php\/wp-json\/wp\/v2\/media?parent=71386"}],"wp:term":[{"taxonomy":"category","embeddable":true,"href":"https:\/\/pdt-rj.org.br\/index.php\/wp-json\/wp\/v2\/categories?post=71386"},{"taxonomy":"post_tag","embeddable":true,"href":"https:\/\/pdt-rj.org.br\/index.php\/wp-json\/wp\/v2\/tags?post=71386"}],"curies":[{"name":"wp","href":"https:\/\/api.w.org\/{rel}","templated":true}]}}