{"id":71380,"date":"2020-05-21T17:01:09","date_gmt":"2020-05-21T20:01:09","guid":{"rendered":"http:\/\/pdt-rj.org.br\/?p=71380"},"modified":"2020-05-23T01:30:57","modified_gmt":"2020-05-23T04:30:57","slug":"novo-livro-de-ciro-gomes-e-o-mais-vendido-no-site-da-amazon","status":"publish","type":"post","link":"https:\/\/pdt-rj.org.br\/index.php\/novo-livro-de-ciro-gomes-e-o-mais-vendido-no-site-da-amazon\/","title":{"rendered":"Novo livro de Ciro Gomes \u00e9 o mais vendido no site da Amazon"},"content":{"rendered":"<p>Ainda em pr\u00e9-venda, o novo livro de Ciro Gomes, vice-presidente do PDT, \u201cProjeto Nacional: O Dever da Esperan\u00e7a\u201d alcan\u00e7ou, em menos de 24h ap\u00f3s lan\u00e7ado no site da Amazon, o primeiro lugar de livro mais vendido na plataforma.<\/p>\n<p>Dispon\u00edvel em formato e-book e impresso, a obra traz uma an\u00e1lise hist\u00f3rica do desenvolvimento brasileiro e tra\u00e7a caminhos para que o Pa\u00eds volte a crescer, com oportunidades menos desiguais, estimulando principalmente a ind\u00fastria nacional.<\/p>\n<p>&#8220;\u00c9 minha contribui\u00e7\u00e3o pessoal a uma reflex\u00e3o inadi\u00e1vel sobre o Brasil, as ra\u00edzes de seus graves problemas e as pistas para sua solu\u00e7\u00e3o&#8221;, escreve Ciro na introdu\u00e7\u00e3o.<\/p>\n<p>Lan\u00e7ado pela Editora Leya, o livro conta com pref\u00e1cio do professor titular da Universidade de Harvard, Mangabeira Unger.<\/p>\n<p>Para comprar o livro, acesse o link no site da <a href=\"https:\/\/www.amazon.com.br\/dp\/655643003X\/ref=sr_1_8?__mk_pt_BR=%C3%85M%C3%85%C5%BD%C3%95%C3%91&amp;keywords=ciro+gomes&amp;qid=1589843229&amp;sr=8-8\">Amazon<\/a>.<\/p>\n<!-- AddThis Advanced Settings generic via filter on the_content --><!-- AddThis Share Buttons generic via filter on the_content -->","protected":false},"excerpt":{"rendered":"<p>Ainda em pr\u00e9-venda, o novo livro de Ciro Gomes, vice-presidente do PDT, \u201cProjeto Nacional: O Dever da Esperan\u00e7a\u201d alcan\u00e7ou, em menos de 24h ap\u00f3s lan\u00e7ado no site da Amazon, o primeiro lugar de livro mais vendido na plataforma. Dispon\u00edvel em formato e-book e impresso, a obra traz uma an\u00e1lise hist\u00f3rica do desenvolvimento brasileiro e tra\u00e7a&#8230;<!-- AddThis Advanced Settings generic via filter on wp_trim_excerpt --><!-- AddThis Share Buttons generic via filter on wp_trim_excerpt --><\/p>\n","protected":false},"author":17,"featured_media":71381,"comment_status":"closed","ping_status":"closed","sticky":false,"template":"","format":"standard","meta":{"_monsterinsights_skip_tracking":false,"_monsterinsights_sitenote_active":false,"_monsterinsights_sitenote_note":"","_monsterinsights_sitenote_category":0,"_uf_show_specific_survey":0,"_uf_disable_surveys":false,"footnotes":""},"categories":[1390,1401],"tags":[220,3588,3589,3587],"class_list":["post-71380","post","type-post","status-publish","format-standard","has-post-thumbnail","hentry","category-editorias","category-nacional","tag-ciro-gomes","tag-novo-livro-de-ciro-gomes","tag-pre-venda","tag-projeto-nacional-o-dever-da-esperanca"],"acf":[],"_links":{"self":[{"href":"https:\/\/pdt-rj.org.br\/index.php\/wp-json\/wp\/v2\/posts\/71380","targetHints":{"allow":["GET"]}}],"collection":[{"href":"https:\/\/pdt-rj.org.br\/index.php\/wp-json\/wp\/v2\/posts"}],"about":[{"href":"https:\/\/pdt-rj.org.br\/index.php\/wp-json\/wp\/v2\/types\/post"}],"author":[{"embeddable":true,"href":"https:\/\/pdt-rj.org.br\/index.php\/wp-json\/wp\/v2\/users\/17"}],"replies":[{"embeddable":true,"href":"https:\/\/pdt-rj.org.br\/index.php\/wp-json\/wp\/v2\/comments?post=71380"}],"version-history":[{"count":6,"href":"https:\/\/pdt-rj.org.br\/index.php\/wp-json\/wp\/v2\/posts\/71380\/revisions"}],"predecessor-version":[{"id":71427,"href":"https:\/\/pdt-rj.org.br\/index.php\/wp-json\/wp\/v2\/posts\/71380\/revisions\/71427"}],"wp:featuredmedia":[{"embeddable":true,"href":"https:\/\/pdt-rj.org.br\/index.php\/wp-json\/wp\/v2\/media\/71381"}],"wp:attachment":[{"href":"https:\/\/pdt-rj.org.br\/index.php\/wp-json\/wp\/v2\/media?parent=71380"}],"wp:term":[{"taxonomy":"category","embeddable":true,"href":"https:\/\/pdt-rj.org.br\/index.php\/wp-json\/wp\/v2\/categories?post=71380"},{"taxonomy":"post_tag","embeddable":true,"href":"https:\/\/pdt-rj.org.br\/index.php\/wp-json\/wp\/v2\/tags?post=71380"}],"curies":[{"name":"wp","href":"https:\/\/api.w.org\/{rel}","templated":true}]}}