{"id":71377,"date":"2020-05-21T14:05:11","date_gmt":"2020-05-21T17:05:11","guid":{"rendered":"http:\/\/pdt-rj.org.br\/?p=71377"},"modified":"2020-05-27T14:30:55","modified_gmt":"2020-05-27T17:30:55","slug":"primeiro-pedido-partidario-de-impeachment-foi-do-pdt","status":"publish","type":"post","link":"https:\/\/pdt-rj.org.br\/index.php\/primeiro-pedido-partidario-de-impeachment-foi-do-pdt\/","title":{"rendered":"Primeiro pedido partid\u00e1rio de impeachment foi do PDT"},"content":{"rendered":"<p><em>O partido abriu as portas para a luta de agremia\u00e7\u00f5es pelo impedimento de Jair Bolsonaro<\/em><\/p>\n<p>No dia 22 de abril, o PDT entrou com o primeiro pedido de impeachment, oriundo de uma agremia\u00e7\u00e3o pol\u00edtica, contra o presidente Jair Bolsonaro. A pe\u00e7a elencava como motivo crimes de responsabilidade, insurg\u00eancia contra o direito \u00e0 sa\u00fade e crimes contra a seguran\u00e7a nacional.<\/p>\n<p>A iniciativa pedetista acabou culminando no ato \u201cJanelas pela Democracia: Impeachment J\u00e1\u201d, estreado na \u00faltima ter\u00e7a-feira (19). A mobiliza\u00e7\u00e3o \u00e9 uma a\u00e7\u00e3o conjunta entre PDT, REDE, PSB, Cidadania e PV que promove debates online com lideran\u00e7as pol\u00edticas, intelectuais e artistas engajados no socorro a democracia brasileira.<\/p>\n<p>Na esteira do pedido de impeachment do PDT, outros partidos se moveram no mesmo sentido, engrossando o coro pelo impedimento do mandat\u00e1rio brasileiro. Al\u00e9m da inger\u00eancia no combate ao Covid-19, Bolsonaro tem criado instabilidade pol\u00edtica, econ\u00f4mica e institucional no Estado brasileiro, sem contar os crimes contra o Estado Democr\u00e1tico de Direito ao participar de manifesta\u00e7\u00f5es evocando a volta de uma ditadura no pa\u00eds.<\/p>\n<!-- AddThis Advanced Settings generic via filter on the_content --><!-- AddThis Share Buttons generic via filter on the_content -->","protected":false},"excerpt":{"rendered":"<p>O partido abriu as portas para a luta de agremia\u00e7\u00f5es pelo impedimento de Jair Bolsonaro No dia 22 de abril, o PDT entrou com o primeiro pedido de impeachment, oriundo de uma agremia\u00e7\u00e3o pol\u00edtica, contra o presidente Jair Bolsonaro. A pe\u00e7a elencava como motivo crimes de responsabilidade, insurg\u00eancia contra o direito \u00e0 sa\u00fade e crimes&#8230;<!-- AddThis Advanced Settings generic via filter on wp_trim_excerpt --><!-- AddThis Share Buttons generic via filter on wp_trim_excerpt --><\/p>\n","protected":false},"author":17,"featured_media":70756,"comment_status":"closed","ping_status":"closed","sticky":false,"template":"","format":"standard","meta":{"_monsterinsights_skip_tracking":false,"_monsterinsights_sitenote_active":false,"_monsterinsights_sitenote_note":"","_monsterinsights_sitenote_category":0,"_uf_show_specific_survey":0,"_uf_disable_surveys":false,"footnotes":""},"categories":[1390,1401],"tags":[24,3483,3558,38],"class_list":["post-71377","post","type-post","status-publish","format-standard","has-post-thumbnail","hentry","category-editorias","category-nacional","tag-impeachment","tag-impeachment-bolsonaro","tag-janelas-pela-democracia-impeachment-ja","tag-pdt"],"acf":[],"_links":{"self":[{"href":"https:\/\/pdt-rj.org.br\/index.php\/wp-json\/wp\/v2\/posts\/71377","targetHints":{"allow":["GET"]}}],"collection":[{"href":"https:\/\/pdt-rj.org.br\/index.php\/wp-json\/wp\/v2\/posts"}],"about":[{"href":"https:\/\/pdt-rj.org.br\/index.php\/wp-json\/wp\/v2\/types\/post"}],"author":[{"embeddable":true,"href":"https:\/\/pdt-rj.org.br\/index.php\/wp-json\/wp\/v2\/users\/17"}],"replies":[{"embeddable":true,"href":"https:\/\/pdt-rj.org.br\/index.php\/wp-json\/wp\/v2\/comments?post=71377"}],"version-history":[{"count":3,"href":"https:\/\/pdt-rj.org.br\/index.php\/wp-json\/wp\/v2\/posts\/71377\/revisions"}],"predecessor-version":[{"id":71527,"href":"https:\/\/pdt-rj.org.br\/index.php\/wp-json\/wp\/v2\/posts\/71377\/revisions\/71527"}],"wp:featuredmedia":[{"embeddable":true,"href":"https:\/\/pdt-rj.org.br\/index.php\/wp-json\/wp\/v2\/media\/70756"}],"wp:attachment":[{"href":"https:\/\/pdt-rj.org.br\/index.php\/wp-json\/wp\/v2\/media?parent=71377"}],"wp:term":[{"taxonomy":"category","embeddable":true,"href":"https:\/\/pdt-rj.org.br\/index.php\/wp-json\/wp\/v2\/categories?post=71377"},{"taxonomy":"post_tag","embeddable":true,"href":"https:\/\/pdt-rj.org.br\/index.php\/wp-json\/wp\/v2\/tags?post=71377"}],"curies":[{"name":"wp","href":"https:\/\/api.w.org\/{rel}","templated":true}]}}