{"id":71347,"date":"2020-05-20T18:14:38","date_gmt":"2020-05-20T21:14:38","guid":{"rendered":"http:\/\/pdt-rj.org.br\/?p=71347"},"modified":"2020-05-21T14:06:57","modified_gmt":"2020-05-21T17:06:57","slug":"parlamentares-do-pdt-apoiam-adiamento-do-enem","status":"publish","type":"post","link":"https:\/\/pdt-rj.org.br\/index.php\/parlamentares-do-pdt-apoiam-adiamento-do-enem\/","title":{"rendered":"Parlamentares do PDT apoiam adiamento do Enem"},"content":{"rendered":"<p><em>Senado aprova remarca\u00e7\u00e3o do exame para que desigualdade n\u00e3o seja ainda mais impactante este ano<\/em><\/p>\n<p>O Senado aprovou o adiamento do Exame Nacional do Ensino M\u00e9dio (Enem), na \u00faltima ter\u00e7a-feira (19), por 75 votos a um. De acordo com o projeto aprovado, as provas dever\u00e3o ser realizadas ap\u00f3s o termino do ano letivo de 2020, prejudicado pela pandemia do Covid-19. A mat\u00e9ria segue para an\u00e1lise da C\u00e2mara.<\/p>\n<p>A proposta de adiamento do Enem tem sido ventilada h\u00e1 mais de um m\u00eas por parlamentares pedetistas e demais setores da sociedade. O entendimento \u00e9 de que a manuten\u00e7\u00e3o da data vai gerar grande preju\u00edzo a alunos de baixa renda e sem acesso a ferramentas para o ensino a dist\u00e2ncia, como a internet.<\/p>\n<p>No in\u00edcio de abril, o deputado Idilvan Alencar (PDT-CE) entrou com uma a\u00e7\u00e3o popular solicitando o adiamento do Enem deste ano. Como o parlamentar alertou \u00e0 \u00e9poca, a \u00faltima Pesquisa Nacional por Amostra de Domic\u00edlios Cont\u00ednua (Pnad), com dados sobre acesso \u00e0 internet para uso pessoal (2017), mostra que a utiliza\u00e7\u00e3o da internet por alunos das \u00e1reas rurais era de 41% da m\u00e9dia nacional naquele ano. No Nordeste, chegava a 35,8% e, no Norte, a apenas 27,3%.<\/p>\n<p>O senador Weverton Rocha (PDT-MA), um dos 75 a votar a favor da prorroga\u00e7\u00e3o do exame, publicou o artigo \u201cA educa\u00e7\u00e3o existe para fazer justi\u00e7a social, por isso o Enem deve ser adiado\u201d, na \u00faltima segunda-feira (18), aqui no portal do PDT. No texto, o parlamentar critica o posicionamento do ministro da Educa\u00e7\u00e3o \u2013 Abraham Weintraub chegou a afirmar que o \u201cEnem n\u00e3o existe para fazer justi\u00e7a social\u201d \u2013 e a atua\u00e7\u00e3o do governo do caso. \u201cO Enem precisa ser adiado porque a educa\u00e7\u00e3o \u00e9, sim, um poderoso instrumento de justi\u00e7a social e de promo\u00e7\u00e3o de desenvolvimento econ\u00f4mico e social\u201d, afirma o parlamentar.<\/p>\n<p>A mat\u00e9ria aprovada no Senado, tamb\u00e9m com voto do senador Cid Gomes (PDT-CE), agora est\u00e1 sob an\u00e1lise dos deputados federais. Os parlamentares pedetistas na C\u00e2mara seguem a mesma linha dos senadores do partido no entendimento do caso. O deputado T\u00falio Gadelha (PDT-CE), por exemplo, tem se posicionado diariamente nas redes sociais em campanha pelo adiamento do Enem. A <em>hashtag<\/em> #adiaenem concentra a maior parte das manifesta\u00e7\u00f5es nas redes.<\/p>\n<!-- AddThis Advanced Settings generic via filter on the_content --><!-- AddThis Share Buttons generic via filter on the_content -->","protected":false},"excerpt":{"rendered":"<p>Senado aprova remarca\u00e7\u00e3o do exame para que desigualdade n\u00e3o seja ainda mais impactante este ano O Senado aprovou o adiamento do Exame Nacional do Ensino M\u00e9dio (Enem), na \u00faltima ter\u00e7a-feira (19), por 75 votos a um. De acordo com o projeto aprovado, as provas dever\u00e3o ser realizadas ap\u00f3s o termino do ano letivo de 2020,&#8230;<!-- AddThis Advanced Settings generic via filter on wp_trim_excerpt --><!-- AddThis Share Buttons generic via filter on wp_trim_excerpt --><\/p>\n","protected":false},"author":17,"featured_media":71348,"comment_status":"closed","ping_status":"closed","sticky":false,"template":"","format":"standard","meta":{"_monsterinsights_skip_tracking":false,"_monsterinsights_sitenote_active":false,"_monsterinsights_sitenote_note":"","_monsterinsights_sitenote_category":0,"_uf_show_specific_survey":0,"_uf_disable_surveys":false,"footnotes":""},"categories":[1459,1401,976],"tags":[],"class_list":["post-71347","post","type-post","status-publish","format-standard","has-post-thumbnail","hentry","category-congresso","category-nacional","category-noticias-em-destaque"],"acf":[],"_links":{"self":[{"href":"https:\/\/pdt-rj.org.br\/index.php\/wp-json\/wp\/v2\/posts\/71347","targetHints":{"allow":["GET"]}}],"collection":[{"href":"https:\/\/pdt-rj.org.br\/index.php\/wp-json\/wp\/v2\/posts"}],"about":[{"href":"https:\/\/pdt-rj.org.br\/index.php\/wp-json\/wp\/v2\/types\/post"}],"author":[{"embeddable":true,"href":"https:\/\/pdt-rj.org.br\/index.php\/wp-json\/wp\/v2\/users\/17"}],"replies":[{"embeddable":true,"href":"https:\/\/pdt-rj.org.br\/index.php\/wp-json\/wp\/v2\/comments?post=71347"}],"version-history":[{"count":3,"href":"https:\/\/pdt-rj.org.br\/index.php\/wp-json\/wp\/v2\/posts\/71347\/revisions"}],"predecessor-version":[{"id":71379,"href":"https:\/\/pdt-rj.org.br\/index.php\/wp-json\/wp\/v2\/posts\/71347\/revisions\/71379"}],"wp:featuredmedia":[{"embeddable":true,"href":"https:\/\/pdt-rj.org.br\/index.php\/wp-json\/wp\/v2\/media\/71348"}],"wp:attachment":[{"href":"https:\/\/pdt-rj.org.br\/index.php\/wp-json\/wp\/v2\/media?parent=71347"}],"wp:term":[{"taxonomy":"category","embeddable":true,"href":"https:\/\/pdt-rj.org.br\/index.php\/wp-json\/wp\/v2\/categories?post=71347"},{"taxonomy":"post_tag","embeddable":true,"href":"https:\/\/pdt-rj.org.br\/index.php\/wp-json\/wp\/v2\/tags?post=71347"}],"curies":[{"name":"wp","href":"https:\/\/api.w.org\/{rel}","templated":true}]}}