{"id":71341,"date":"2020-05-20T14:32:01","date_gmt":"2020-05-20T17:32:01","guid":{"rendered":"http:\/\/pdt-rj.org.br\/?p=71341"},"modified":"2020-05-20T14:35:49","modified_gmt":"2020-05-20T17:35:49","slug":"artigo-janelas-pela-democracia","status":"publish","type":"post","link":"https:\/\/pdt-rj.org.br\/index.php\/artigo-janelas-pela-democracia\/","title":{"rendered":"Artigo: \u201cJanelas pela Democracia\u201d"},"content":{"rendered":"<p>O artigo \u201cJanelas pela Democracia\u201d, escrito pelo o l\u00edder da Oposi\u00e7\u00e3o, deputado Andr\u00e9 Figueiredo (PDT-CE), descreve o descaso com que o governo brasileiro trata a pandemia da Covid-19 que j\u00e1 atingiu 254.220 casos confirmados e j\u00e1 enterrou 16.792 at\u00e9 o momento.<\/p>\n<p>\u201cO desd\u00e9m de Bolsonaro vem gerando consequ\u00eancias. Bolsonaro prefere negligenciar as orienta\u00e7\u00f5es da Organiza\u00e7\u00e3o Mundial da Sa\u00fade (OMS) e focar nas interfer\u00eancias na Pol\u00edcia Federal para blindar seu cl\u00e3 de graves den\u00fancias. S\u00e3o in\u00fameras condutas ilegais que podem ser enquadradas como crime de responsabilidade, com flagrante desrespeito \u00e0 Constitui\u00e7\u00e3o Federal, pass\u00edveis de impeachment\u201d.<\/p>\n<p>Caderno Opini\u00e3o \u2013 jornal \u201cO Povo\u201d \u2013 do Estado de Cear\u00e1.<\/p>\n<p><a href=\"http:\/\/www.pdtnacamara.com.br\/wp-content\/uploads\/artigoandr%C3%A92.docx\">\u00cdntegra artigo<\/a><\/p>\n<!-- AddThis Advanced Settings generic via filter on the_content --><!-- AddThis Share Buttons generic via filter on the_content -->","protected":false},"excerpt":{"rendered":"<p>O artigo \u201cJanelas pela Democracia\u201d, escrito pelo o l\u00edder da Oposi\u00e7\u00e3o, deputado Andr\u00e9 Figueiredo (PDT-CE), descreve o descaso com que o governo brasileiro trata a pandemia da Covid-19 que j\u00e1 atingiu 254.220 casos confirmados e j\u00e1 enterrou 16.792 at\u00e9 o momento. \u201cO desd\u00e9m de Bolsonaro vem gerando consequ\u00eancias. Bolsonaro prefere negligenciar as orienta\u00e7\u00f5es da Organiza\u00e7\u00e3o&#8230;<!-- AddThis Advanced Settings generic via filter on wp_trim_excerpt --><!-- AddThis Share Buttons generic via filter on wp_trim_excerpt --><\/p>\n","protected":false},"author":17,"featured_media":71342,"comment_status":"closed","ping_status":"closed","sticky":false,"template":"","format":"standard","meta":{"_monsterinsights_skip_tracking":false,"_monsterinsights_sitenote_active":false,"_monsterinsights_sitenote_note":"","_monsterinsights_sitenote_category":0,"_uf_show_specific_survey":0,"_uf_disable_surveys":false,"footnotes":""},"categories":[976],"tags":[3466,3348,3579,57],"class_list":["post-71341","post","type-post","status-publish","format-standard","has-post-thumbnail","hentry","category-noticias-em-destaque","tag-constituicao-federal","tag-covid-19","tag-janelas-pela-democracia","tag-oms"],"acf":[],"_links":{"self":[{"href":"https:\/\/pdt-rj.org.br\/index.php\/wp-json\/wp\/v2\/posts\/71341","targetHints":{"allow":["GET"]}}],"collection":[{"href":"https:\/\/pdt-rj.org.br\/index.php\/wp-json\/wp\/v2\/posts"}],"about":[{"href":"https:\/\/pdt-rj.org.br\/index.php\/wp-json\/wp\/v2\/types\/post"}],"author":[{"embeddable":true,"href":"https:\/\/pdt-rj.org.br\/index.php\/wp-json\/wp\/v2\/users\/17"}],"replies":[{"embeddable":true,"href":"https:\/\/pdt-rj.org.br\/index.php\/wp-json\/wp\/v2\/comments?post=71341"}],"version-history":[{"count":1,"href":"https:\/\/pdt-rj.org.br\/index.php\/wp-json\/wp\/v2\/posts\/71341\/revisions"}],"predecessor-version":[{"id":71343,"href":"https:\/\/pdt-rj.org.br\/index.php\/wp-json\/wp\/v2\/posts\/71341\/revisions\/71343"}],"wp:featuredmedia":[{"embeddable":true,"href":"https:\/\/pdt-rj.org.br\/index.php\/wp-json\/wp\/v2\/media\/71342"}],"wp:attachment":[{"href":"https:\/\/pdt-rj.org.br\/index.php\/wp-json\/wp\/v2\/media?parent=71341"}],"wp:term":[{"taxonomy":"category","embeddable":true,"href":"https:\/\/pdt-rj.org.br\/index.php\/wp-json\/wp\/v2\/categories?post=71341"},{"taxonomy":"post_tag","embeddable":true,"href":"https:\/\/pdt-rj.org.br\/index.php\/wp-json\/wp\/v2\/tags?post=71341"}],"curies":[{"name":"wp","href":"https:\/\/api.w.org\/{rel}","templated":true}]}}