{"id":71334,"date":"2020-05-20T12:37:24","date_gmt":"2020-05-20T15:37:24","guid":{"rendered":"http:\/\/pdt-rj.org.br\/?p=71334"},"modified":"2020-05-20T12:37:24","modified_gmt":"2020-05-20T15:37:24","slug":"lider-do-pdt-cobra-ministro-sobre-possivel-vazamento-de-operacao-para-familia-bolsonaro","status":"publish","type":"post","link":"https:\/\/pdt-rj.org.br\/index.php\/lider-do-pdt-cobra-ministro-sobre-possivel-vazamento-de-operacao-para-familia-bolsonaro\/","title":{"rendered":"L\u00edder do PDT cobra ministro sobre poss\u00edvel vazamento de opera\u00e7\u00e3o para fam\u00edlia Bolsonaro"},"content":{"rendered":"<p>O l\u00edder do PDT na C\u00e2mara, Wolney Queiroz (PE), encaminhou nessa ter\u00e7a-feira (19) pedido de esclarecimentos ao ministro da Justi\u00e7a, Andr\u00e9 Mendon\u00e7a, sobre poss\u00edvel vazamento de informa\u00e7\u00f5es sigilosas ao senador Fl\u00e1vio Bolsonaro pela Pol\u00edcia Federal do Rio de Janeiro no decorrer das elei\u00e7\u00f5es de 2018.<\/p>\n<p>De acordo com den\u00fancia do empres\u00e1rio Paulo Marinho, em entrevista ao Jornal Folha de S. Paulo, um delegado da PF teria adiantado ao ent\u00e3o candidato a senador que uma opera\u00e7\u00e3o \u2013 Furna da On\u00e7a \u2013 envolveria seu chefe de gabinete na Assembleia Legislativa, Fabr\u00edcio Queiroz.<\/p>\n<p>Ainda de acordo com o empres\u00e1rio, que \u00e9 suplente de Fl\u00e1vio Bolsonaro no Senado Federal, o delegado teria dito, inclusive, que a opera\u00e7\u00e3o foi adiada para depois do segundo turno da elei\u00e7\u00e3o para n\u00e3o prejudicar o candidato \u00e0 Presid\u00eancia Jair Bolsonaro. De fato, a opera\u00e7\u00e3o Furna da On\u00e7a foi deflagrada em 8 de novembro de 2018, pouco mais de uma semana ap\u00f3s o segundo turno das elei\u00e7\u00f5es presidenciais, conforme destaca o pedetista no requerimento de informa\u00e7\u00e3o.<\/p>\n<p>Conforme destaca ainda o l\u00edder pedetista, Marinho relatou ouvir de Fl\u00e1vio Bolsonaro que o delegado da PF o teria orientado a exonerar Fabr\u00edcio Queiroz. \u201cNo dia 15 de outubro de 2018, foram demitidos dos cargos Fabr\u00edcio Queiroz e sua filha, Nath\u00e1lia Queiroz, na \u00e9poca lotada no gabinete do ent\u00e3o deputado federal, Jair Bolsonaro, da C\u00e2mara dos Deputados\u201d, ressalta Wolney.<\/p>\n<p>Diante dos relatos de Marinho, o l\u00edder do PDT solicita ao ministro da Justi\u00e7a as seguintes provid\u00eancias:<br \/>\n\u2013 indica\u00e7\u00e3o dos delegados e dos agentes da Pol\u00edcia Federal que tiveram acesso ao inqu\u00e9rito da Opera\u00e7\u00e3o Furna da On\u00e7a;<\/p>\n<p>\u2013 indica\u00e7\u00e3o das medidas adotadas pela Pol\u00edcia Federal, para investigar eventual desvio de conduta em rela\u00e7\u00e3o \u00e0 divulga\u00e7\u00e3o de informa\u00e7\u00f5es preliminares sobre a Opera\u00e7\u00e3o Furna da On\u00e7a;<\/p>\n<p>\u2013 registro das imagens internas e externas dos sistemas de c\u00e2meras da Superintend\u00eancia da Pol\u00edcia Federal no Rio de Janeiro, no per\u00edodo de 13\/10\/2018 a 28\/10\/2018.<\/p>\n<!-- AddThis Advanced Settings generic via filter on the_content --><!-- AddThis Share Buttons generic via filter on the_content -->","protected":false},"excerpt":{"rendered":"<p>O l\u00edder do PDT na C\u00e2mara, Wolney Queiroz (PE), encaminhou nessa ter\u00e7a-feira (19) pedido de esclarecimentos ao ministro da Justi\u00e7a, Andr\u00e9 Mendon\u00e7a, sobre poss\u00edvel vazamento de informa\u00e7\u00f5es sigilosas ao senador Fl\u00e1vio Bolsonaro pela Pol\u00edcia Federal do Rio de Janeiro no decorrer das elei\u00e7\u00f5es de 2018. De acordo com den\u00fancia do empres\u00e1rio Paulo Marinho, em entrevista&#8230;<!-- AddThis Advanced Settings generic via filter on wp_trim_excerpt --><!-- AddThis Share Buttons generic via filter on wp_trim_excerpt --><\/p>\n","protected":false},"author":17,"featured_media":71336,"comment_status":"closed","ping_status":"closed","sticky":false,"template":"","format":"standard","meta":{"_monsterinsights_skip_tracking":false,"_monsterinsights_sitenote_active":false,"_monsterinsights_sitenote_note":"","_monsterinsights_sitenote_category":0,"_uf_show_specific_survey":0,"_uf_disable_surveys":false,"footnotes":""},"categories":[1390,1459],"tags":[],"class_list":["post-71334","post","type-post","status-publish","format-standard","has-post-thumbnail","hentry","category-editorias","category-congresso"],"acf":[],"_links":{"self":[{"href":"https:\/\/pdt-rj.org.br\/index.php\/wp-json\/wp\/v2\/posts\/71334","targetHints":{"allow":["GET"]}}],"collection":[{"href":"https:\/\/pdt-rj.org.br\/index.php\/wp-json\/wp\/v2\/posts"}],"about":[{"href":"https:\/\/pdt-rj.org.br\/index.php\/wp-json\/wp\/v2\/types\/post"}],"author":[{"embeddable":true,"href":"https:\/\/pdt-rj.org.br\/index.php\/wp-json\/wp\/v2\/users\/17"}],"replies":[{"embeddable":true,"href":"https:\/\/pdt-rj.org.br\/index.php\/wp-json\/wp\/v2\/comments?post=71334"}],"version-history":[{"count":2,"href":"https:\/\/pdt-rj.org.br\/index.php\/wp-json\/wp\/v2\/posts\/71334\/revisions"}],"predecessor-version":[{"id":71337,"href":"https:\/\/pdt-rj.org.br\/index.php\/wp-json\/wp\/v2\/posts\/71334\/revisions\/71337"}],"wp:featuredmedia":[{"embeddable":true,"href":"https:\/\/pdt-rj.org.br\/index.php\/wp-json\/wp\/v2\/media\/71336"}],"wp:attachment":[{"href":"https:\/\/pdt-rj.org.br\/index.php\/wp-json\/wp\/v2\/media?parent=71334"}],"wp:term":[{"taxonomy":"category","embeddable":true,"href":"https:\/\/pdt-rj.org.br\/index.php\/wp-json\/wp\/v2\/categories?post=71334"},{"taxonomy":"post_tag","embeddable":true,"href":"https:\/\/pdt-rj.org.br\/index.php\/wp-json\/wp\/v2\/tags?post=71334"}],"curies":[{"name":"wp","href":"https:\/\/api.w.org\/{rel}","templated":true}]}}