{"id":71330,"date":"2020-05-20T11:51:47","date_gmt":"2020-05-20T14:51:47","guid":{"rendered":"http:\/\/pdt-rj.org.br\/?p=71330"},"modified":"2020-05-20T19:19:16","modified_gmt":"2020-05-20T22:19:16","slug":"sustentabilidade-em-pauta-no-lancamento-da-edicao-nacional-do-quartas-trabalhistas","status":"publish","type":"post","link":"https:\/\/pdt-rj.org.br\/index.php\/sustentabilidade-em-pauta-no-lancamento-da-edicao-nacional-do-quartas-trabalhistas\/","title":{"rendered":"Sustentabilidade em pauta no lan\u00e7amento da edi\u00e7\u00e3o nacional do \u2018Quartas trabalhistas\u2019"},"content":{"rendered":"<p class=\"yiv9693604129p3\"><span class=\"yiv9693604129s2\">A primeira edi\u00e7\u00e3o nacional do programa \u2018Quartas Trabalhistas\u2019 \u2013 iniciativa idealizada e desenvolvida periodicamente pela Funda\u00e7\u00e3o Leonel Brizola &#8211; Alberto Pasqualini (FLB-AP) do Paran\u00e1 \u2013 promove hoje (20), \u00e0s 19h12, um debate virtual sobre a import\u00e2ncia da sustentabilidade no mundo p\u00f3s-pandemia. Mediado pelo presidente nacional da Funda\u00e7\u00e3o, Manoel Dias , o encontro contar\u00e1 com as presen\u00e7as da presidenta do EcoTrabalhismo, Ivana Groff, e do ex-deputado e membro do PDT do Paran\u00e1, Nelton Friederich.<\/span><\/p>\n<p class=\"yiv9693604129p3\"><span class=\"yiv9693604129s2\">Para acompanhar, ao vivo, acesse a p\u00e1gina da Funda\u00e7\u00e3o no Facebook (<a href=\"https:\/\/www.facebook.com\/fundacaoleonelbrizola\/\" target=\"_blank\" rel=\"nofollow noopener noreferrer\">https:\/\/www.facebook.com\/fundacaoleonelbrizola\/<\/a>).\u00a0<\/span><\/p>\n<p class=\"yiv9693604129p3\"><strong><span class=\"yiv9693604129s2\">Iniciativa\u00a0<\/span><\/strong><\/p>\n<p class=\"yiv9693604129p3\"><span class=\"yiv9693604129s2\">A exemplo da edi\u00e7\u00e3o paranaense, o projeto organizar\u00e1, semanalmente, encontros e di\u00e1logos \u2013 presenciais e virtuais \u2013 para aprofundar a an\u00e1lise de pautas relevantes para o ambiente pedetista. Ao longo das semanas, o espa\u00e7o receber\u00e1 parlamentares, presidentes de diret\u00f3rios e de movimentos, bem como lideran\u00e7as e militantes.\u00a0<\/span><\/p>\n<!-- AddThis Advanced Settings generic via filter on the_content --><!-- AddThis Share Buttons generic via filter on the_content -->","protected":false},"excerpt":{"rendered":"<p>A primeira edi\u00e7\u00e3o nacional do programa \u2018Quartas Trabalhistas\u2019 \u2013 iniciativa idealizada e desenvolvida periodicamente pela Funda\u00e7\u00e3o Leonel Brizola &#8211; Alberto Pasqualini (FLB-AP) do Paran\u00e1 \u2013 promove hoje (20), \u00e0s 19h12, um debate virtual sobre a import\u00e2ncia da sustentabilidade no mundo p\u00f3s-pandemia. Mediado pelo presidente nacional da Funda\u00e7\u00e3o, Manoel Dias , o encontro contar\u00e1 com as&#8230;<!-- AddThis Advanced Settings generic via filter on wp_trim_excerpt --><!-- AddThis Share Buttons generic via filter on wp_trim_excerpt --><\/p>\n","protected":false},"author":17,"featured_media":71331,"comment_status":"closed","ping_status":"closed","sticky":false,"template":"","format":"standard","meta":{"_monsterinsights_skip_tracking":false,"_monsterinsights_sitenote_active":false,"_monsterinsights_sitenote_note":"","_monsterinsights_sitenote_category":0,"_uf_show_specific_survey":0,"_uf_disable_surveys":false,"footnotes":""},"categories":[1390,3328],"tags":[3584,3583,3585,591,3586,3582],"class_list":["post-71330","post","type-post","status-publish","format-standard","has-post-thumbnail","hentry","category-editorias","category-flb-ap","tag-ecotrabalhismo","tag-flb-ap-pr","tag-ivana-groff","tag-manoel-dias","tag-nelton-friederich","tag-quartas-trabalhistas"],"acf":[],"_links":{"self":[{"href":"https:\/\/pdt-rj.org.br\/index.php\/wp-json\/wp\/v2\/posts\/71330","targetHints":{"allow":["GET"]}}],"collection":[{"href":"https:\/\/pdt-rj.org.br\/index.php\/wp-json\/wp\/v2\/posts"}],"about":[{"href":"https:\/\/pdt-rj.org.br\/index.php\/wp-json\/wp\/v2\/types\/post"}],"author":[{"embeddable":true,"href":"https:\/\/pdt-rj.org.br\/index.php\/wp-json\/wp\/v2\/users\/17"}],"replies":[{"embeddable":true,"href":"https:\/\/pdt-rj.org.br\/index.php\/wp-json\/wp\/v2\/comments?post=71330"}],"version-history":[{"count":12,"href":"https:\/\/pdt-rj.org.br\/index.php\/wp-json\/wp\/v2\/posts\/71330\/revisions"}],"predecessor-version":[{"id":71372,"href":"https:\/\/pdt-rj.org.br\/index.php\/wp-json\/wp\/v2\/posts\/71330\/revisions\/71372"}],"wp:featuredmedia":[{"embeddable":true,"href":"https:\/\/pdt-rj.org.br\/index.php\/wp-json\/wp\/v2\/media\/71331"}],"wp:attachment":[{"href":"https:\/\/pdt-rj.org.br\/index.php\/wp-json\/wp\/v2\/media?parent=71330"}],"wp:term":[{"taxonomy":"category","embeddable":true,"href":"https:\/\/pdt-rj.org.br\/index.php\/wp-json\/wp\/v2\/categories?post=71330"},{"taxonomy":"post_tag","embeddable":true,"href":"https:\/\/pdt-rj.org.br\/index.php\/wp-json\/wp\/v2\/tags?post=71330"}],"curies":[{"name":"wp","href":"https:\/\/api.w.org\/{rel}","templated":true}]}}