{"id":71262,"date":"2020-05-27T13:37:35","date_gmt":"2020-05-27T16:37:35","guid":{"rendered":"http:\/\/pdt-rj.org.br\/?p=71262"},"modified":"2020-06-04T16:45:56","modified_gmt":"2020-06-04T19:45:56","slug":"fundacao-reune-carlos-lupi-manoel-dias-e-ciro-gomes-no-mais-opiniao","status":"publish","type":"post","link":"https:\/\/pdt-rj.org.br\/index.php\/fundacao-reune-carlos-lupi-manoel-dias-e-ciro-gomes-no-mais-opiniao\/","title":{"rendered":"Funda\u00e7\u00e3o re\u00fane Carlos Lupi, Manoel Dias e Ciro Gomes no \u2018Mais Opini\u00e3o\u2019"},"content":{"rendered":"<div><strong><em>Programa abordar\u00e1 o enfrentamento do PDT na crise brasileira<\/em><\/strong><\/div>\n<p class=\"yiv4710170342p1\"><span class=\"yiv4710170342s1\">A Funda\u00e7\u00e3o Leonel Brizola &#8211; Alberto Pasqualini (FLB-AP) promover\u00e1 na pr\u00f3xima quinta-feira (28), \u00e0s 15h, pela internet, mais uma edi\u00e7\u00e3o do programa \u2018Mais Opini\u00e3o\u2019. Como convidados, o presidente nacional do PDT, Carlos Lupi, o presidente da Funda\u00e7\u00e3o e secret\u00e1rio-geral nacional do partido, Manoel Dias, bem como o vice-presidente nacional pedetista e ex-governador do Cear\u00e1, Ciro Gomes.\u00a0<\/span><\/p>\n<p class=\"yiv4710170342p1\"><span class=\"yiv4710170342s1\">Lan\u00e7ado em 2017, o programa aprofundar\u00e1 o debate sobre o atual momento do Brasil e o protagonismo do PDT para superar a crise do coronav\u00edrus e preservar n\u00e3o s\u00f3 os pilares democr\u00e1ticos, mas todos os direitos constitucionais. Neste cen\u00e1rio, destaque para o pedido de impeachment do presidente Jair Bolsonaro e as a\u00e7\u00f5es p\u00fablicas de mobiliza\u00e7\u00e3o, como o ato \u201cJanelas pela Democracia\u201d.\u00a0<\/span><\/p>\n<p class=\"yiv4710170342p1\"><span class=\"yiv4710170342s1\">Para acompanhar, acesse o canal da FLB-AP no YouTube (<a href=\"https:\/\/www.youtube.com\/user\/PDTULB\" target=\"_blank\" rel=\"nofollow noopener noreferrer\">www.youtube.com\/user\/PDTULB<\/a>) ou a p\u00e1gina no Facebook (<a href=\"https:\/\/m.facebook.com\/fundacaoleonelbrizola\/\" target=\"_blank\" rel=\"nofollow noopener noreferrer\">facebook.com\/fundacaoleonelbrizola)<\/a>.<\/span><\/p>\n<!-- AddThis Advanced Settings generic via filter on the_content --><!-- AddThis Share Buttons generic via filter on the_content -->","protected":false},"excerpt":{"rendered":"<p>Programa abordar\u00e1 o enfrentamento do PDT na crise brasileira A Funda\u00e7\u00e3o Leonel Brizola &#8211; Alberto Pasqualini (FLB-AP) promover\u00e1 na pr\u00f3xima quinta-feira (28), \u00e0s 15h, pela internet, mais uma edi\u00e7\u00e3o do programa \u2018Mais Opini\u00e3o\u2019. Como convidados, o presidente nacional do PDT, Carlos Lupi, o presidente da Funda\u00e7\u00e3o e secret\u00e1rio-geral nacional do partido, Manoel Dias, bem como&#8230;<!-- AddThis Advanced Settings generic via filter on wp_trim_excerpt --><!-- AddThis Share Buttons generic via filter on wp_trim_excerpt --><\/p>\n","protected":false},"author":17,"featured_media":71263,"comment_status":"closed","ping_status":"closed","sticky":false,"template":"","format":"standard","meta":{"_monsterinsights_skip_tracking":false,"_monsterinsights_sitenote_active":false,"_monsterinsights_sitenote_note":"","_monsterinsights_sitenote_category":0,"_uf_show_specific_survey":0,"_uf_disable_surveys":false,"footnotes":""},"categories":[1390,3328,1401],"tags":[196,220,3565,591],"class_list":["post-71262","post","type-post","status-publish","format-standard","has-post-thumbnail","hentry","category-editorias","category-flb-ap","category-nacional","tag-carlos-lupi","tag-ciro-gomes","tag-mais-opiniao","tag-manoel-dias"],"acf":[],"_links":{"self":[{"href":"https:\/\/pdt-rj.org.br\/index.php\/wp-json\/wp\/v2\/posts\/71262","targetHints":{"allow":["GET"]}}],"collection":[{"href":"https:\/\/pdt-rj.org.br\/index.php\/wp-json\/wp\/v2\/posts"}],"about":[{"href":"https:\/\/pdt-rj.org.br\/index.php\/wp-json\/wp\/v2\/types\/post"}],"author":[{"embeddable":true,"href":"https:\/\/pdt-rj.org.br\/index.php\/wp-json\/wp\/v2\/users\/17"}],"replies":[{"embeddable":true,"href":"https:\/\/pdt-rj.org.br\/index.php\/wp-json\/wp\/v2\/comments?post=71262"}],"version-history":[{"count":8,"href":"https:\/\/pdt-rj.org.br\/index.php\/wp-json\/wp\/v2\/posts\/71262\/revisions"}],"predecessor-version":[{"id":71740,"href":"https:\/\/pdt-rj.org.br\/index.php\/wp-json\/wp\/v2\/posts\/71262\/revisions\/71740"}],"wp:featuredmedia":[{"embeddable":true,"href":"https:\/\/pdt-rj.org.br\/index.php\/wp-json\/wp\/v2\/media\/71263"}],"wp:attachment":[{"href":"https:\/\/pdt-rj.org.br\/index.php\/wp-json\/wp\/v2\/media?parent=71262"}],"wp:term":[{"taxonomy":"category","embeddable":true,"href":"https:\/\/pdt-rj.org.br\/index.php\/wp-json\/wp\/v2\/categories?post=71262"},{"taxonomy":"post_tag","embeddable":true,"href":"https:\/\/pdt-rj.org.br\/index.php\/wp-json\/wp\/v2\/tags?post=71262"}],"curies":[{"name":"wp","href":"https:\/\/api.w.org\/{rel}","templated":true}]}}