{"id":71253,"date":"2020-05-18T11:50:05","date_gmt":"2020-05-18T14:50:05","guid":{"rendered":"http:\/\/pdt-rj.org.br\/?p=71253"},"modified":"2020-08-28T12:19:00","modified_gmt":"2020-08-28T15:19:00","slug":"tulio-gadelha-entrou-com-acao-popular-no-mpf-contra-presidente-da-fundacao-palmares","status":"publish","type":"post","link":"https:\/\/pdt-rj.org.br\/index.php\/tulio-gadelha-entrou-com-acao-popular-no-mpf-contra-presidente-da-fundacao-palmares\/","title":{"rendered":"T\u00falio Gad\u00ealha entrou com a\u00e7\u00e3o popular no MPF contra presidente da Funda\u00e7\u00e3o Palmares"},"content":{"rendered":"<p>O deputado federal T\u00falio Gad\u00ealha (PDT-PE) entrou com a\u00e7\u00e3o popular com tutela de urg\u00eancia no Minist\u00e9rio P\u00fablico Federal (MPF) contra o presidente da Funda\u00e7\u00e3o Cultural Palmares, Sergio Camargo. Subscreveu tamb\u00e9m a a\u00e7\u00e3o os parlamentares Bira do Pindar\u00e9 (PSB), Benedita da Silva (PT-RJ) e \u00c1urea Carolina (PSOL-MG).<\/p>\n<p>Os deputados pedem que as publica\u00e7\u00f5es depreciativas contra Zumbi dos Palmares sejam retiradas dos canais de comunica\u00e7\u00e3o oficiais da institui\u00e7\u00e3o, sob pena de multa estipulada pelo \u00f3rg\u00e3o, alegando abuso de poder e desvio de finalidade.<\/p>\n<p>\u201cAs publica\u00e7\u00f5es ostentam o escopo de desqualificar a figura que d\u00e1 nome \u00e0 institui\u00e7\u00e3o constitu\u00edda para promover e preservar valores hist\u00f3ricos e culturais da influ\u00eancia negra no Brasil\u201d, diz a a\u00e7\u00e3o.<\/p>\n<p>\u201cN\u00e3o se faz necess\u00e1rio empreender esfor\u00e7os desmedidos para vislumbrar que todo esse prot\u00f3tipo profanador do patrim\u00f4nio hist\u00f3rico brasileiro foi soerguido para fins de prestigiar unicamente a ideologia que ascendeu ao poder nas elei\u00e7\u00f5es 2018, que tem como modus operandi a difus\u00e3o de fake news, de conte\u00fado desinformativo e nenhum apre\u00e7o aos dados hist\u00f3ricos e cient\u00edficos\u201d, diz a pe\u00e7a.<\/p>\n<p>No \u00faltimo dia 13 de maio, Camargo usou o site oficial e as redes sociais da Funda\u00e7\u00e3o Palmares para lan\u00e7ar uma campanha revisionista e desqualificar Zumbi dos Palmares, figura que d\u00e1 nome \u00e0 institui\u00e7\u00e3o, criada justamente para promover e preservar valores hist\u00f3ricos e culturais da influ\u00eancia negra no pa\u00eds.<\/p>\n<p>Diversos movimentos denunciam o 13 de maio \u00e0 falsa aboli\u00e7\u00e3o. Afinal, a data \u00e9 s\u00f3 parte do um processo pol\u00edtico de luta, na qual v\u00e1rios arranjos, negocia\u00e7\u00f5es, protestos e mortes aconteceram para chegar a aboli\u00e7\u00e3o, e n\u00e3o por benevol\u00eancia da monarquia. O movimento negro considera o 20 de novembro \u2013 dia de Zumbi dos Palmares e da Consci\u00eancia Negra \u2013 como a data simb\u00f3lica.<\/p>\n<!-- AddThis Advanced Settings generic via filter on the_content --><!-- AddThis Share Buttons generic via filter on the_content -->","protected":false},"excerpt":{"rendered":"<p>O deputado federal T\u00falio Gad\u00ealha (PDT-PE) entrou com a\u00e7\u00e3o popular com tutela de urg\u00eancia no Minist\u00e9rio P\u00fablico Federal (MPF) contra o presidente da Funda\u00e7\u00e3o Cultural Palmares, Sergio Camargo. Subscreveu tamb\u00e9m a a\u00e7\u00e3o os parlamentares Bira do Pindar\u00e9 (PSB), Benedita da Silva (PT-RJ) e \u00c1urea Carolina (PSOL-MG). Os deputados pedem que as publica\u00e7\u00f5es depreciativas contra Zumbi&#8230;<!-- AddThis Advanced Settings generic via filter on wp_trim_excerpt --><!-- AddThis Share Buttons generic via filter on wp_trim_excerpt --><\/p>\n","protected":false},"author":17,"featured_media":65708,"comment_status":"closed","ping_status":"closed","sticky":false,"template":"","format":"standard","meta":{"_monsterinsights_skip_tracking":false,"_monsterinsights_sitenote_active":false,"_monsterinsights_sitenote_note":"","_monsterinsights_sitenote_category":0,"_uf_show_specific_survey":0,"_uf_disable_surveys":false,"footnotes":""},"categories":[1390,1459],"tags":[2878,3569,3567,2491,3568],"class_list":["post-71253","post","type-post","status-publish","format-standard","has-post-thumbnail","hentry","category-editorias","category-congresso","tag-fake-news","tag-fundacao-palmares","tag-mpf","tag-tulio-gadelha","tag-zumbi-dos-palmares"],"acf":[],"_links":{"self":[{"href":"https:\/\/pdt-rj.org.br\/index.php\/wp-json\/wp\/v2\/posts\/71253","targetHints":{"allow":["GET"]}}],"collection":[{"href":"https:\/\/pdt-rj.org.br\/index.php\/wp-json\/wp\/v2\/posts"}],"about":[{"href":"https:\/\/pdt-rj.org.br\/index.php\/wp-json\/wp\/v2\/types\/post"}],"author":[{"embeddable":true,"href":"https:\/\/pdt-rj.org.br\/index.php\/wp-json\/wp\/v2\/users\/17"}],"replies":[{"embeddable":true,"href":"https:\/\/pdt-rj.org.br\/index.php\/wp-json\/wp\/v2\/comments?post=71253"}],"version-history":[{"count":7,"href":"https:\/\/pdt-rj.org.br\/index.php\/wp-json\/wp\/v2\/posts\/71253\/revisions"}],"predecessor-version":[{"id":71276,"href":"https:\/\/pdt-rj.org.br\/index.php\/wp-json\/wp\/v2\/posts\/71253\/revisions\/71276"}],"wp:featuredmedia":[{"embeddable":true,"href":"https:\/\/pdt-rj.org.br\/index.php\/wp-json\/wp\/v2\/media\/65708"}],"wp:attachment":[{"href":"https:\/\/pdt-rj.org.br\/index.php\/wp-json\/wp\/v2\/media?parent=71253"}],"wp:term":[{"taxonomy":"category","embeddable":true,"href":"https:\/\/pdt-rj.org.br\/index.php\/wp-json\/wp\/v2\/categories?post=71253"},{"taxonomy":"post_tag","embeddable":true,"href":"https:\/\/pdt-rj.org.br\/index.php\/wp-json\/wp\/v2\/tags?post=71253"}],"curies":[{"name":"wp","href":"https:\/\/api.w.org\/{rel}","templated":true}]}}