{"id":71072,"date":"2020-05-08T16:10:18","date_gmt":"2020-05-08T19:10:18","guid":{"rendered":"http:\/\/pdt-rj.org.br\/?p=71072"},"modified":"2020-05-08T16:10:18","modified_gmt":"2020-05-08T19:10:18","slug":"um-golpe-contra-os-trabalhadores-esta-disponivel-em-e-book-na-amazon","status":"publish","type":"post","link":"https:\/\/pdt-rj.org.br\/index.php\/um-golpe-contra-os-trabalhadores-esta-disponivel-em-e-book-na-amazon\/","title":{"rendered":"Um golpe contra os trabalhadores est\u00e1 dispon\u00edvel em e-book na Amazon"},"content":{"rendered":"<p>Livro de autoria de Carlos Lupi, presidente nacional do PDT, \u201cUm golpe contra os trabalhadores\u201d est\u00e1 dispon\u00edvel na plataforma da <a href=\"https:\/\/www.amazon.com.br\/Um-golpe-contra-os-trabalhadores-ebook\/dp\/B0881BJ522\/ref=sr_1_1?__mk_pt_BR=%C3%85M%C3%85%C5%BD%C3%95%C3%91&amp;keywords=um+golpe+contra+os+trabalhadores&amp;qid=1588954426&amp;sr=8-1\">Amazon<\/a>, em formato e-book. A obra foi lan\u00e7ada em novembro do ano passado e denuncia o desmonte das pol\u00edticas trabalhistas e do Minist\u00e9rio do Trabalho.<\/p>\n<p>O livro-den\u00fancia do ex-ministro do Trabalho, prefaciado por Ciro Gomes, enfatiza o ataque a classe trabalhadora e a venda criminosa do patrim\u00f4nio brasileiro \u201ca pre\u00e7o de banana\u201d, como descreve. A obra tamb\u00e9m aborda a passagem de Lupi pelo Minist\u00e9rio do Trabalho e rememora o extenso legado trabalhista na hist\u00f3ria do Brasil.<\/p>\n<p>O e-book \u201cUm golpe contra os trabalhadores\u201d est\u00e1 \u00e0 venda no site da Amazon por R$19,90. Assinantes do <a href=\"https:\/\/www.amazon.com.br\/kindle-dbs\/hz\/subscribe\/ku?passThroughAsin=B0881BJ522&amp;ref_=ku_lp_rw_pbdp_hpe6p0so&amp;_encoding=UTF8&amp;shoppingPortalEnabled=true\">kindlleunlimited<\/a> tem acesso gratuito a obra.<\/p>\n<!-- AddThis Advanced Settings generic via filter on the_content --><!-- AddThis Share Buttons generic via filter on the_content -->","protected":false},"excerpt":{"rendered":"<p>Livro de autoria de Carlos Lupi, presidente nacional do PDT, \u201cUm golpe contra os trabalhadores\u201d est\u00e1 dispon\u00edvel na plataforma da Amazon, em formato e-book. A obra foi lan\u00e7ada em novembro do ano passado e denuncia o desmonte das pol\u00edticas trabalhistas e do Minist\u00e9rio do Trabalho. O livro-den\u00fancia do ex-ministro do Trabalho, prefaciado por Ciro Gomes,&#8230;<!-- AddThis Advanced Settings generic via filter on wp_trim_excerpt --><!-- AddThis Share Buttons generic via filter on wp_trim_excerpt --><\/p>\n","protected":false},"author":17,"featured_media":69230,"comment_status":"closed","ping_status":"closed","sticky":false,"template":"","format":"standard","meta":{"_monsterinsights_skip_tracking":false,"_monsterinsights_sitenote_active":false,"_monsterinsights_sitenote_note":"","_monsterinsights_sitenote_category":0,"_uf_show_specific_survey":0,"_uf_disable_surveys":false,"footnotes":""},"categories":[1401,976],"tags":[3535,3536,3324],"class_list":["post-71072","post","type-post","status-publish","format-standard","has-post-thumbnail","hentry","category-nacional","category-noticias-em-destaque","tag-e-book","tag-livro-denuncia","tag-um-golpe-contra-os-trabalhadores"],"acf":[],"_links":{"self":[{"href":"https:\/\/pdt-rj.org.br\/index.php\/wp-json\/wp\/v2\/posts\/71072","targetHints":{"allow":["GET"]}}],"collection":[{"href":"https:\/\/pdt-rj.org.br\/index.php\/wp-json\/wp\/v2\/posts"}],"about":[{"href":"https:\/\/pdt-rj.org.br\/index.php\/wp-json\/wp\/v2\/types\/post"}],"author":[{"embeddable":true,"href":"https:\/\/pdt-rj.org.br\/index.php\/wp-json\/wp\/v2\/users\/17"}],"replies":[{"embeddable":true,"href":"https:\/\/pdt-rj.org.br\/index.php\/wp-json\/wp\/v2\/comments?post=71072"}],"version-history":[{"count":2,"href":"https:\/\/pdt-rj.org.br\/index.php\/wp-json\/wp\/v2\/posts\/71072\/revisions"}],"predecessor-version":[{"id":71074,"href":"https:\/\/pdt-rj.org.br\/index.php\/wp-json\/wp\/v2\/posts\/71072\/revisions\/71074"}],"wp:featuredmedia":[{"embeddable":true,"href":"https:\/\/pdt-rj.org.br\/index.php\/wp-json\/wp\/v2\/media\/69230"}],"wp:attachment":[{"href":"https:\/\/pdt-rj.org.br\/index.php\/wp-json\/wp\/v2\/media?parent=71072"}],"wp:term":[{"taxonomy":"category","embeddable":true,"href":"https:\/\/pdt-rj.org.br\/index.php\/wp-json\/wp\/v2\/categories?post=71072"},{"taxonomy":"post_tag","embeddable":true,"href":"https:\/\/pdt-rj.org.br\/index.php\/wp-json\/wp\/v2\/tags?post=71072"}],"curies":[{"name":"wp","href":"https:\/\/api.w.org\/{rel}","templated":true}]}}