{"id":71070,"date":"2020-05-08T18:23:34","date_gmt":"2020-05-08T21:23:34","guid":{"rendered":"http:\/\/pdt-rj.org.br\/?p=71070"},"modified":"2020-05-08T18:49:45","modified_gmt":"2020-05-08T21:49:45","slug":"com-estrategias-inovadoras-fundacao-leonel-brizola-aprova-novas-acoes-de-trabalho","status":"publish","type":"post","link":"https:\/\/pdt-rj.org.br\/index.php\/com-estrategias-inovadoras-fundacao-leonel-brizola-aprova-novas-acoes-de-trabalho\/","title":{"rendered":"Com estrat\u00e9gias inovadoras, Funda\u00e7\u00e3o Leonel Brizola aprova novas a\u00e7\u00f5es de trabalho"},"content":{"rendered":"<p>Ser refer\u00eancia em forma\u00e7\u00e3o e educa\u00e7\u00e3o pol\u00edtica. \u00c9 com essa vis\u00e3o que a Funda\u00e7\u00e3o Leonel Brizola \u2013 Alberto Pasqualini (FLB-AP) realizou mais uma reuni\u00e3o de planejamento estrat\u00e9gico, por videoconfer\u00eancia, nessa quinta-feira (07).<\/p>\n<p>Coordenada pelo diretor de Relacionamento de Multinacionais, o palestrante Jean Oliskovicz, estiveram presentes o presidente nacional do PDT, Carlos Lupi, o presidente da FLB-AP, Manoel Dias, vice-presidentes e coordenadores da Funda\u00e7\u00e3o de todas os estados brasileiros junto com toda equipe da Funda\u00e7\u00e3o.<\/p>\n<p>Carlos Lupi iniciou a reuni\u00e3o ressaltando a import\u00e2ncia da FLB-AP para o crescimento do PDT no Brasil.<\/p>\n<p>\u201cN\u00f3s precisamos entrosar, em cada estado, partido e Funda\u00e7\u00e3o. \u00c9 muito importante esse di\u00e1logo e esse entrosamento. A Funda\u00e7\u00e3o \u00e9 o principal instrumento que o PDT tem para formula\u00e7\u00e3o de ideias, de propaga\u00e7\u00e3o de projetos e de debates&#8221;, afirmou o presidente.<\/p>\n<p>Pensando no desenvolvimento de debates e crescimento de novos quadros partid\u00e1rios, a FLB-AP Nacional ir\u00e1 realizar semanalmente as \u201cQuartas trabalhistas\u201d, onde ser\u00e1 aprofundado todo processo de estrutura\u00e7\u00e3o e crescimento do partido, baseados na realidade de cada estado.<\/p>\n<p>Tamb\u00e9m ser\u00e1 produzido pela FLB-AP o \u201c + Opini\u00e3o\u201d, que ir\u00e1 levar grandes nomes e lideran\u00e7as pedetistas para instruir e inspirar militantes e participantes em geral na atua\u00e7\u00e3o pol\u00edtica, o que ir\u00e1 fortalecer a ideologia e a politiza\u00e7\u00e3o das bases partid\u00e1rias, al\u00e9m de contar suas hist\u00f3rias e processos vividos.<\/p>\n<p>Para qualifica\u00e7\u00e3o dos pr\u00e9-candidatos \u00e0s elei\u00e7\u00f5es deste ano, a Universidade Leonel Brizola (ULB) ir\u00e1 expandir os conte\u00fados de aulas e cursos na plataforma da ULB e no canal do Youtube. Com tecnologias inovadoras da \u00e1rea pedag\u00f3gica e totalmente gratuito, o conte\u00fado ser\u00e1 baseado em 6 trilhas de conhecimento: Marketing eleitoral, orat\u00f3ria e estrat\u00e9gias de campanha, direito eleitoral, nuclea\u00e7\u00e3o, sustentabilidade que ser\u00e1 inclu\u00eddo no Plano Nacional de desenvolvimento (PND) e programa do PDT.<\/p>\n<p>J\u00e1 o Centro de Mem\u00f3ria Trabalhista da FLB-AP tamb\u00e9m est\u00e1 trabalhando em parceria com os vice-presidentes dos estados na produ\u00e7\u00e3o de conte\u00fado dos l\u00edderes trabalhistas, que ser\u00e1 disponibilizado ao p\u00fablico em acervo , no ano que vem.<\/p>\n<p>Para acompanhar todas as novidades da ULB da FLB-AP acesse a plataforma digital da universidade, baixe o app na sua loja de aplicativos no celular e siga as redes sociais.<\/p>\n<!-- AddThis Advanced Settings generic via filter on the_content --><!-- AddThis Share Buttons generic via filter on the_content -->","protected":false},"excerpt":{"rendered":"<p>Ser refer\u00eancia em forma\u00e7\u00e3o e educa\u00e7\u00e3o pol\u00edtica. \u00c9 com essa vis\u00e3o que a Funda\u00e7\u00e3o Leonel Brizola \u2013 Alberto Pasqualini (FLB-AP) realizou mais uma reuni\u00e3o de planejamento estrat\u00e9gico, por videoconfer\u00eancia, nessa quinta-feira (07). Coordenada pelo diretor de Relacionamento de Multinacionais, o palestrante Jean Oliskovicz, estiveram presentes o presidente nacional do PDT, Carlos Lupi, o presidente da&#8230;<!-- AddThis Advanced Settings generic via filter on wp_trim_excerpt --><!-- AddThis Share Buttons generic via filter on wp_trim_excerpt --><\/p>\n","protected":false},"author":17,"featured_media":71092,"comment_status":"closed","ping_status":"closed","sticky":false,"template":"","format":"standard","meta":{"_monsterinsights_skip_tracking":false,"_monsterinsights_sitenote_active":false,"_monsterinsights_sitenote_note":"","_monsterinsights_sitenote_category":0,"_uf_show_specific_survey":0,"_uf_disable_surveys":false,"footnotes":""},"categories":[1390,3328],"tags":[3336,415,3538,942],"class_list":["post-71070","post","type-post","status-publish","format-standard","has-post-thumbnail","hentry","category-editorias","category-flb-ap","tag-eleicoes-2020","tag-formacao-politica","tag-undacao-leonel-brizola-alberto-pasqualini","tag-universidade-leonel-brizola"],"acf":[],"_links":{"self":[{"href":"https:\/\/pdt-rj.org.br\/index.php\/wp-json\/wp\/v2\/posts\/71070","targetHints":{"allow":["GET"]}}],"collection":[{"href":"https:\/\/pdt-rj.org.br\/index.php\/wp-json\/wp\/v2\/posts"}],"about":[{"href":"https:\/\/pdt-rj.org.br\/index.php\/wp-json\/wp\/v2\/types\/post"}],"author":[{"embeddable":true,"href":"https:\/\/pdt-rj.org.br\/index.php\/wp-json\/wp\/v2\/users\/17"}],"replies":[{"embeddable":true,"href":"https:\/\/pdt-rj.org.br\/index.php\/wp-json\/wp\/v2\/comments?post=71070"}],"version-history":[{"count":16,"href":"https:\/\/pdt-rj.org.br\/index.php\/wp-json\/wp\/v2\/posts\/71070\/revisions"}],"predecessor-version":[{"id":71100,"href":"https:\/\/pdt-rj.org.br\/index.php\/wp-json\/wp\/v2\/posts\/71070\/revisions\/71100"}],"wp:featuredmedia":[{"embeddable":true,"href":"https:\/\/pdt-rj.org.br\/index.php\/wp-json\/wp\/v2\/media\/71092"}],"wp:attachment":[{"href":"https:\/\/pdt-rj.org.br\/index.php\/wp-json\/wp\/v2\/media?parent=71070"}],"wp:term":[{"taxonomy":"category","embeddable":true,"href":"https:\/\/pdt-rj.org.br\/index.php\/wp-json\/wp\/v2\/categories?post=71070"},{"taxonomy":"post_tag","embeddable":true,"href":"https:\/\/pdt-rj.org.br\/index.php\/wp-json\/wp\/v2\/tags?post=71070"}],"curies":[{"name":"wp","href":"https:\/\/api.w.org\/{rel}","templated":true}]}}