{"id":71032,"date":"2020-05-07T16:40:27","date_gmt":"2020-05-07T19:40:27","guid":{"rendered":"http:\/\/pdt-rj.org.br\/?p=71032"},"modified":"2020-05-09T17:54:22","modified_gmt":"2020-05-09T20:54:22","slug":"pdt-aciona-stf-para-anular-portaria-que-revogou-o-sistema-de-rastreamento-de-armas","status":"publish","type":"post","link":"https:\/\/pdt-rj.org.br\/index.php\/pdt-aciona-stf-para-anular-portaria-que-revogou-o-sistema-de-rastreamento-de-armas\/","title":{"rendered":"PDT aciona STF para anular portaria que revogou o Sistema de Rastreamento de Armas"},"content":{"rendered":"<p><em>O sistema era fundamental para combater o desvio de armas legais para a mil\u00edcia e o tr\u00e1fico de drogas<\/em><\/p>\n<p>PDT entrou nesta quinta-feira (7), no Supremo Tribunal Federal (STF), com uma Argui\u00e7\u00e3o de Descumprimento de Preceito Fundamental (ADPF) para anular portaria que revogou o Sistema de Rastreamento de Armas (SisNar).<br \/>\nO Comando Log\u00edstico do Ex\u00e9rcito, respons\u00e1vel por fiscalizar a circula\u00e7\u00e3o de armas no pais, havia institu\u00eddo o sistema, mas o Presidente Bolsonaro determinou sua revoga\u00e7\u00e3o em publica\u00e7\u00e3o no Twitter.<\/p>\n<p>O sistema era fundamental para combater o desvio de armas legais para a mil\u00edcia e o tr\u00e1fico de drogas.<\/p>\n<p>A a\u00e7\u00e3o do PDT denuncia preju\u00edzos \u00e0 seguran\u00e7a p\u00fablica e \u00e0 dignidade da pessoa humana, principalmente de popula\u00e7\u00f5es mais vulner\u00e1veis \u00e0 letalidade das armas de fogo, em especial, negros, LGBTI+, jovens e mulheres.<br \/>\nO partido tamb\u00e9m argumenta na a\u00e7\u00e3o o risco de retrocesso social na pol\u00edtica de controle de armas e a ilegalidade da revoga\u00e7\u00e3o por aus\u00eancia de motivos, j\u00e1 que se tratou unicamente de vontade pessoal do Presidente da Rep\u00fablica.<\/p>\n<p>&nbsp;<\/p>\n<p>Confirma a \u00edntegra da Argui\u00e7\u00e3o: <a href=\"http:\/\/pdt-rj.org.br\/wp-content\/uploads\/2020\/05\/Argui\u00e7\u00e3o-do-PDT-contra-revoga\u00e7\u00e3o-do-SisNar.pdf\">Argui\u00e7\u00e3o do PDT contra revoga\u00e7\u00e3o do SisNar<\/a><\/p>\n<!-- AddThis Advanced Settings generic via filter on the_content --><!-- AddThis Share Buttons generic via filter on the_content -->","protected":false},"excerpt":{"rendered":"<p>O sistema era fundamental para combater o desvio de armas legais para a mil\u00edcia e o tr\u00e1fico de drogas PDT entrou nesta quinta-feira (7), no Supremo Tribunal Federal (STF), com uma Argui\u00e7\u00e3o de Descumprimento de Preceito Fundamental (ADPF) para anular portaria que revogou o Sistema de Rastreamento de Armas (SisNar). O Comando Log\u00edstico do Ex\u00e9rcito,&#8230;<!-- AddThis Advanced Settings generic via filter on wp_trim_excerpt --><!-- AddThis Share Buttons generic via filter on wp_trim_excerpt --><\/p>\n","protected":false},"author":17,"featured_media":71033,"comment_status":"closed","ping_status":"closed","sticky":false,"template":"","format":"standard","meta":{"_monsterinsights_skip_tracking":false,"_monsterinsights_sitenote_active":false,"_monsterinsights_sitenote_note":"","_monsterinsights_sitenote_category":0,"_uf_show_specific_survey":0,"_uf_disable_surveys":false,"footnotes":""},"categories":[1390],"tags":[],"class_list":["post-71032","post","type-post","status-publish","format-standard","has-post-thumbnail","hentry","category-editorias"],"acf":[],"_links":{"self":[{"href":"https:\/\/pdt-rj.org.br\/index.php\/wp-json\/wp\/v2\/posts\/71032","targetHints":{"allow":["GET"]}}],"collection":[{"href":"https:\/\/pdt-rj.org.br\/index.php\/wp-json\/wp\/v2\/posts"}],"about":[{"href":"https:\/\/pdt-rj.org.br\/index.php\/wp-json\/wp\/v2\/types\/post"}],"author":[{"embeddable":true,"href":"https:\/\/pdt-rj.org.br\/index.php\/wp-json\/wp\/v2\/users\/17"}],"replies":[{"embeddable":true,"href":"https:\/\/pdt-rj.org.br\/index.php\/wp-json\/wp\/v2\/comments?post=71032"}],"version-history":[{"count":8,"href":"https:\/\/pdt-rj.org.br\/index.php\/wp-json\/wp\/v2\/posts\/71032\/revisions"}],"predecessor-version":[{"id":71114,"href":"https:\/\/pdt-rj.org.br\/index.php\/wp-json\/wp\/v2\/posts\/71032\/revisions\/71114"}],"wp:featuredmedia":[{"embeddable":true,"href":"https:\/\/pdt-rj.org.br\/index.php\/wp-json\/wp\/v2\/media\/71033"}],"wp:attachment":[{"href":"https:\/\/pdt-rj.org.br\/index.php\/wp-json\/wp\/v2\/media?parent=71032"}],"wp:term":[{"taxonomy":"category","embeddable":true,"href":"https:\/\/pdt-rj.org.br\/index.php\/wp-json\/wp\/v2\/categories?post=71032"},{"taxonomy":"post_tag","embeddable":true,"href":"https:\/\/pdt-rj.org.br\/index.php\/wp-json\/wp\/v2\/tags?post=71032"}],"curies":[{"name":"wp","href":"https:\/\/api.w.org\/{rel}","templated":true}]}}