{"id":71026,"date":"2020-05-06T22:23:24","date_gmt":"2020-05-07T01:23:24","guid":{"rendered":"http:\/\/pdt-rj.org.br\/?p=71026"},"modified":"2020-05-07T01:19:20","modified_gmt":"2020-05-07T04:19:20","slug":"cid-gomes-defende-garantia-de-reajuste-a-profissionais-da-educacao","status":"publish","type":"post","link":"https:\/\/pdt-rj.org.br\/index.php\/cid-gomes-defende-garantia-de-reajuste-a-profissionais-da-educacao\/","title":{"rendered":"Cid Gomes defende garantia de reajuste a profissionais da educa\u00e7\u00e3o"},"content":{"rendered":"<p>O senador Cid Gomes (PDT-CE) defendeu, durante a sess\u00e3o remota do Senado desta quarta-feira (6), a retirada de um dos pontos do projeto de lei complementar 39\/2020, que inclu\u00eda os profissionais da educa\u00e7\u00e3o no congelamento de sal\u00e1rios at\u00e9 2021. \u201cO PDT deseja manter a prerrogativa que a C\u00e2mara dos Deputados deu tamb\u00e9m aos servidores da educa\u00e7\u00e3o para que fiquem exclu\u00eddos do congelamento salarial\u201d, defendeu Cid.<\/p>\n<p>O PLP, aprovado hoje pelo Senado, segue para san\u00e7\u00e3o do presidente da Rep\u00fablica. A proposta estabelece aux\u00edlio financeiro de R$ 60 bilh\u00f5es da Uni\u00e3o a estados, munic\u00edpios e ao Distrito Federal para minorar as perdas de arrecada\u00e7\u00e3o do Imposto sobre Circula\u00e7\u00e3o de Mercadorias e Servi\u00e7os (ICMS) em raz\u00e3o da pandemia do coronav\u00edrus. O projeto tamb\u00e9m suspende d\u00edvidas de estados e munic\u00edpios com a Uni\u00e3o, o que pode representar outros R$ 60 bilh\u00f5es.<\/p>\n<p>No entanto, uma das contrapartidas da proposta \u00e9 o congelamento dos sal\u00e1rios dos servidores at\u00e9 o final de 2021. Ap\u00f3s discuss\u00e3o da mat\u00e9ria na C\u00e2mara e no Senado, foram exclu\u00eddos do congelamento, al\u00e9m dos profissionais da educa\u00e7\u00e3o, os servidores da sa\u00fade, limpeza p\u00fablica, servi\u00e7os funer\u00e1rios, assist\u00eancia social, policiais federais, rodovi\u00e1rios federais, policiais civis e policiais militares, bombeiros militares, policiais penais, guardas municipais, servidores das carreiras periciais, das For\u00e7as Armadas e agentes socioeducativos.<\/p>\n<!-- AddThis Advanced Settings generic via filter on the_content --><!-- AddThis Share Buttons generic via filter on the_content -->","protected":false},"excerpt":{"rendered":"<p>O senador Cid Gomes (PDT-CE) defendeu, durante a sess\u00e3o remota do Senado desta quarta-feira (6), a retirada de um dos pontos do projeto de lei complementar 39\/2020, que inclu\u00eda os profissionais da educa\u00e7\u00e3o no congelamento de sal\u00e1rios at\u00e9 2021. \u201cO PDT deseja manter a prerrogativa que a C\u00e2mara dos Deputados deu tamb\u00e9m aos servidores da&#8230;<!-- AddThis Advanced Settings generic via filter on wp_trim_excerpt --><!-- AddThis Share Buttons generic via filter on wp_trim_excerpt --><\/p>\n","protected":false},"author":17,"featured_media":71027,"comment_status":"closed","ping_status":"closed","sticky":false,"template":"","format":"standard","meta":{"_monsterinsights_skip_tracking":false,"_monsterinsights_sitenote_active":false,"_monsterinsights_sitenote_note":"","_monsterinsights_sitenote_category":0,"_uf_show_specific_survey":0,"_uf_disable_surveys":false,"footnotes":""},"categories":[1390,1459],"tags":[211],"class_list":["post-71026","post","type-post","status-publish","format-standard","has-post-thumbnail","hentry","category-editorias","category-congresso","tag-cid-gomes"],"acf":[],"_links":{"self":[{"href":"https:\/\/pdt-rj.org.br\/index.php\/wp-json\/wp\/v2\/posts\/71026","targetHints":{"allow":["GET"]}}],"collection":[{"href":"https:\/\/pdt-rj.org.br\/index.php\/wp-json\/wp\/v2\/posts"}],"about":[{"href":"https:\/\/pdt-rj.org.br\/index.php\/wp-json\/wp\/v2\/types\/post"}],"author":[{"embeddable":true,"href":"https:\/\/pdt-rj.org.br\/index.php\/wp-json\/wp\/v2\/users\/17"}],"replies":[{"embeddable":true,"href":"https:\/\/pdt-rj.org.br\/index.php\/wp-json\/wp\/v2\/comments?post=71026"}],"version-history":[{"count":3,"href":"https:\/\/pdt-rj.org.br\/index.php\/wp-json\/wp\/v2\/posts\/71026\/revisions"}],"predecessor-version":[{"id":71030,"href":"https:\/\/pdt-rj.org.br\/index.php\/wp-json\/wp\/v2\/posts\/71026\/revisions\/71030"}],"wp:featuredmedia":[{"embeddable":true,"href":"https:\/\/pdt-rj.org.br\/index.php\/wp-json\/wp\/v2\/media\/71027"}],"wp:attachment":[{"href":"https:\/\/pdt-rj.org.br\/index.php\/wp-json\/wp\/v2\/media?parent=71026"}],"wp:term":[{"taxonomy":"category","embeddable":true,"href":"https:\/\/pdt-rj.org.br\/index.php\/wp-json\/wp\/v2\/categories?post=71026"},{"taxonomy":"post_tag","embeddable":true,"href":"https:\/\/pdt-rj.org.br\/index.php\/wp-json\/wp\/v2\/tags?post=71026"}],"curies":[{"name":"wp","href":"https:\/\/api.w.org\/{rel}","templated":true}]}}