{"id":70986,"date":"2020-05-04T21:17:31","date_gmt":"2020-05-05T00:17:31","guid":{"rendered":"http:\/\/pdt-rj.org.br\/?p=70986"},"modified":"2020-05-08T16:22:53","modified_gmt":"2020-05-08T19:22:53","slug":"ciro-gomes-reforca-importancia-da-qualificacao-a-partir-da-ulb","status":"publish","type":"post","link":"https:\/\/pdt-rj.org.br\/index.php\/ciro-gomes-reforca-importancia-da-qualificacao-a-partir-da-ulb\/","title":{"rendered":"Ciro Gomes refor\u00e7a import\u00e2ncia da qualifica\u00e7\u00e3o a partir da ULB"},"content":{"rendered":"<p>\u201cO que est\u00e1 imperando, no Brasil, \u00e9 uma brutal confus\u00e3o e o discurso pol\u00edtico praticamente se pasteurizou\u201d, alerta o vice-presidente nacional do PDT, Ciro Gomes, ao analisar a realidade atual e propor um caminho fundamental para a milit\u00e2ncia: a constante qualifica\u00e7\u00e3o. E a ferramenta para este passo fundamental j\u00e1 est\u00e1 dispon\u00edvel, na internet: a plataforma da Universidade aberta Leonel Brizola (ULB).<\/p>\n<p>\u201cN\u00f3s podemos fazer a diferen\u00e7a e a estrutura, de apoio a cada um dos nossos militantes, est\u00e1 pronta para lhe dar os equipamentos para voc\u00ea fazer a voz, a diferen\u00e7a a\u00ed onde voc\u00ea est\u00e1 militando na nossa causa\u201d, afirmou o ex-governador do Cear\u00e1.<\/p>\n<p>Com todo conte\u00fado ofertado gratuitamente no site (<a href=\"https:\/\/ulb.org.br\/\">ulb.org.br<\/a>) e na vers\u00e3o mobile (iOS e Android), a institui\u00e7\u00e3o vinculada \u00e0 Funda\u00e7\u00e3o Leonel Brizola \u2013 Alberto Pasqualini (FLB-AP) apresenta videoaulas din\u00e2micas e eficientes que garantem, ao final de cada curso, o recebimento de um diploma reconhecido em todo o pa\u00eds.<\/p>\n<p>\u201cProcure conhecer cada um deles, desde assuntos b\u00e1sicos, como as mudan\u00e7as na legisla\u00e7\u00e3o eleitoral, at\u00e9 as quest\u00f5es program\u00e1ticas mais relevantes, como a marca da educa\u00e7\u00e3o em tempo integral\u201d, indicou Ciro, ao concluir: \u201cEstou fazendo este apelo a voc\u00ea, pois n\u00f3s precisamos unificar a nossa presen\u00e7a com vistas a apresentar uma proposta para o Brasil no futuro.\u201d<\/p>\n<p>Ao endossar o pedido de Ciro, o secret\u00e1rio-geral nacional do partido e presidente da FLB-AP, Manoel Dias, disse que o ensino EAD servir\u00e1 como catalisador \u201cpara cada pedetista estudar e acumular conhecimento no per\u00edodo e local mais favor\u00e1veis\u201d.<\/p>\n<p>\u201cO interessado consegue completar os cursos at\u00e9 enquanto faz o seu deslocamento para o trabalho ou escola, por exemplo. A facilidade e a qualidade s\u00e3o premissas que priorizamos ao formular as op\u00e7\u00f5es na plataforma\u201d, comentou Dias.<\/p>\n<!-- AddThis Advanced Settings generic via filter on the_content --><!-- AddThis Share Buttons generic via filter on the_content -->","protected":false},"excerpt":{"rendered":"<p>\u201cO que est\u00e1 imperando, no Brasil, \u00e9 uma brutal confus\u00e3o e o discurso pol\u00edtico praticamente se pasteurizou\u201d, alerta o vice-presidente nacional do PDT, Ciro Gomes, ao analisar a realidade atual e propor um caminho fundamental para a milit\u00e2ncia: a constante qualifica\u00e7\u00e3o. E a ferramenta para este passo fundamental j\u00e1 est\u00e1 dispon\u00edvel, na internet: a plataforma&#8230;<!-- AddThis Advanced Settings generic via filter on wp_trim_excerpt --><!-- AddThis Share Buttons generic via filter on wp_trim_excerpt --><\/p>\n","protected":false},"author":17,"featured_media":70987,"comment_status":"closed","ping_status":"closed","sticky":false,"template":"","format":"standard","meta":{"_monsterinsights_skip_tracking":false,"_monsterinsights_sitenote_active":false,"_monsterinsights_sitenote_note":"","_monsterinsights_sitenote_category":0,"_uf_show_specific_survey":0,"_uf_disable_surveys":false,"footnotes":""},"categories":[1390,3328],"tags":[220,565,591,931,942],"class_list":["post-70986","post","type-post","status-publish","format-standard","has-post-thumbnail","hentry","category-editorias","category-flb-ap","tag-ciro-gomes","tag-leonel-brizola","tag-manoel-dias","tag-ulb","tag-universidade-leonel-brizola"],"acf":[],"_links":{"self":[{"href":"https:\/\/pdt-rj.org.br\/index.php\/wp-json\/wp\/v2\/posts\/70986","targetHints":{"allow":["GET"]}}],"collection":[{"href":"https:\/\/pdt-rj.org.br\/index.php\/wp-json\/wp\/v2\/posts"}],"about":[{"href":"https:\/\/pdt-rj.org.br\/index.php\/wp-json\/wp\/v2\/types\/post"}],"author":[{"embeddable":true,"href":"https:\/\/pdt-rj.org.br\/index.php\/wp-json\/wp\/v2\/users\/17"}],"replies":[{"embeddable":true,"href":"https:\/\/pdt-rj.org.br\/index.php\/wp-json\/wp\/v2\/comments?post=70986"}],"version-history":[{"count":5,"href":"https:\/\/pdt-rj.org.br\/index.php\/wp-json\/wp\/v2\/posts\/70986\/revisions"}],"predecessor-version":[{"id":71077,"href":"https:\/\/pdt-rj.org.br\/index.php\/wp-json\/wp\/v2\/posts\/70986\/revisions\/71077"}],"wp:featuredmedia":[{"embeddable":true,"href":"https:\/\/pdt-rj.org.br\/index.php\/wp-json\/wp\/v2\/media\/70987"}],"wp:attachment":[{"href":"https:\/\/pdt-rj.org.br\/index.php\/wp-json\/wp\/v2\/media?parent=70986"}],"wp:term":[{"taxonomy":"category","embeddable":true,"href":"https:\/\/pdt-rj.org.br\/index.php\/wp-json\/wp\/v2\/categories?post=70986"},{"taxonomy":"post_tag","embeddable":true,"href":"https:\/\/pdt-rj.org.br\/index.php\/wp-json\/wp\/v2\/tags?post=70986"}],"curies":[{"name":"wp","href":"https:\/\/api.w.org\/{rel}","templated":true}]}}