{"id":70958,"date":"2020-05-01T02:40:23","date_gmt":"2020-05-01T05:40:23","guid":{"rendered":"http:\/\/pdt-rj.org.br\/?p=70958"},"modified":"2020-05-01T19:35:13","modified_gmt":"2020-05-01T22:35:13","slug":"desemprego-no-brasil-contraste-de-recordes-entre-pdt-e-bolsonaro","status":"publish","type":"post","link":"https:\/\/pdt-rj.org.br\/index.php\/desemprego-no-brasil-contraste-de-recordes-entre-pdt-e-bolsonaro\/","title":{"rendered":"Desemprego, no Brasil: contraste de recordes entre PDT e Bolsonaro"},"content":{"rendered":"<p>O taxa de desemprego alcan\u00e7ou 12,2% no 1\u00ba trimestre de 2020, com impacto em 12,9 milh\u00f5es de brasileiros. No \u00faltimo semestre de 2013, o n\u00famero marcava quase a metade: 6,2%. Os n\u00fameros da Pesquisa Nacional por Amostra de Domic\u00edlios Cont\u00ednua Mensal (PNAD Cont\u00ednua), produzida pelo IBGE, mostram o antagonismo dos resultados conquistados pelas gest\u00f5es do PDT e do governo Bolsonaro no mercado de trabalho.<\/p>\n<p>Com uma pol\u00edtica de perfil liberal e liderada por Paulo Guedes, Bolsonaro ampliou a reforma trabalhista de Michel Temer e seguiu com propostas de retiradas de benef\u00edcios da popula\u00e7\u00e3o, como na Reforma da Previd\u00eancia e na Medida Provis\u00f3ria 905, da chamada \u201ccarteira verde e amarela\u201d. Como resultado &#8211; e sem ainda contar o impacto do coronav\u00edrus &#8211; um dos recordes negativos acumulados: a popula\u00e7\u00e3o fora da for\u00e7a de trabalho atinge, no come\u00e7o do ano, o patamar de 67,3 milh\u00f5es, maior n\u00famero desde o in\u00edcio da pesquisa, no primeiro trimestre de 2012.<\/p>\n<p>J\u00e1 a popula\u00e7\u00e3o ocupada registrou um recuou para o patamar de 92,2 milh\u00f5es, indicando uma queda de 2,5% em rela\u00e7\u00e3o ao trimestre anterior. No total, 2,3 milh\u00f5es de pessoas, maior recuo de toda a s\u00e9rie hist\u00f3rica, segundo o IBGE.<\/p>\n<p><strong>Contraste<\/strong><\/p>\n<p>No mesmo trimestre de 2014, na gest\u00e3o do ministro do Trabalho e Emprego, Manoel Dias, atual secret\u00e1rio-geral nacional do PDT, o pa\u00eds contava com um \u00edndice 5 pontos percentuais (p.p) a menos: 7.2%.<\/p>\n<p>Al\u00e9m do recorde positivo, em 2013, de 6,2%, menor taxa desde a cria\u00e7\u00e3o da PNAD Cont\u00ednua, outra marca foi acumulada: o maior n\u00famero de empregados, no setor privado, com carteira assinada. Entre abril e junho de 2014, o mercado reuniu mais de 36 milh\u00f5es. O volume, que desconsidera os trabalhadores dom\u00e9sticos, se distancia dos atuais 33 milh\u00f5es.<\/p>\n<p>O per\u00edodo do pleno emprego consolidou a vig\u00eancia de pol\u00edticas p\u00fablicas de fortalecimento das vagas com carteira assinada, de qualifica\u00e7\u00e3o da m\u00e3o de obra, de valoriza\u00e7\u00e3o real do sal\u00e1rio-m\u00ednimo e de moderniza\u00e7\u00e3o dos servi\u00e7os de aux\u00edlio ao trabalhador. O pacote de medidas atingiu o \u00e1pice em conson\u00e2ncia com a vi\u00e1vel preserva\u00e7\u00e3o da CLT, desconfigurada nos anos posteriores.<\/p>\n<!-- AddThis Advanced Settings generic via filter on the_content --><!-- AddThis Share Buttons generic via filter on the_content -->","protected":false},"excerpt":{"rendered":"<p>O taxa de desemprego alcan\u00e7ou 12,2% no 1\u00ba trimestre de 2020, com impacto em 12,9 milh\u00f5es de brasileiros. No \u00faltimo semestre de 2013, o n\u00famero marcava quase a metade: 6,2%. Os n\u00fameros da Pesquisa Nacional por Amostra de Domic\u00edlios Cont\u00ednua Mensal (PNAD Cont\u00ednua), produzida pelo IBGE, mostram o antagonismo dos resultados conquistados pelas gest\u00f5es do&#8230;<!-- AddThis Advanced Settings generic via filter on wp_trim_excerpt --><!-- AddThis Share Buttons generic via filter on wp_trim_excerpt --><\/p>\n","protected":false},"author":17,"featured_media":70959,"comment_status":"closed","ping_status":"closed","sticky":false,"template":"","format":"standard","meta":{"_monsterinsights_skip_tracking":false,"_monsterinsights_sitenote_active":false,"_monsterinsights_sitenote_note":"","_monsterinsights_sitenote_category":0,"_uf_show_specific_survey":0,"_uf_disable_surveys":false,"footnotes":""},"categories":[1584,1390],"tags":[],"class_list":["post-70958","post","type-post","status-publish","format-standard","has-post-thumbnail","hentry","category-artigos","category-editorias"],"acf":[],"_links":{"self":[{"href":"https:\/\/pdt-rj.org.br\/index.php\/wp-json\/wp\/v2\/posts\/70958","targetHints":{"allow":["GET"]}}],"collection":[{"href":"https:\/\/pdt-rj.org.br\/index.php\/wp-json\/wp\/v2\/posts"}],"about":[{"href":"https:\/\/pdt-rj.org.br\/index.php\/wp-json\/wp\/v2\/types\/post"}],"author":[{"embeddable":true,"href":"https:\/\/pdt-rj.org.br\/index.php\/wp-json\/wp\/v2\/users\/17"}],"replies":[{"embeddable":true,"href":"https:\/\/pdt-rj.org.br\/index.php\/wp-json\/wp\/v2\/comments?post=70958"}],"version-history":[{"count":1,"href":"https:\/\/pdt-rj.org.br\/index.php\/wp-json\/wp\/v2\/posts\/70958\/revisions"}],"predecessor-version":[{"id":70960,"href":"https:\/\/pdt-rj.org.br\/index.php\/wp-json\/wp\/v2\/posts\/70958\/revisions\/70960"}],"wp:featuredmedia":[{"embeddable":true,"href":"https:\/\/pdt-rj.org.br\/index.php\/wp-json\/wp\/v2\/media\/70959"}],"wp:attachment":[{"href":"https:\/\/pdt-rj.org.br\/index.php\/wp-json\/wp\/v2\/media?parent=70958"}],"wp:term":[{"taxonomy":"category","embeddable":true,"href":"https:\/\/pdt-rj.org.br\/index.php\/wp-json\/wp\/v2\/categories?post=70958"},{"taxonomy":"post_tag","embeddable":true,"href":"https:\/\/pdt-rj.org.br\/index.php\/wp-json\/wp\/v2\/tags?post=70958"}],"curies":[{"name":"wp","href":"https:\/\/api.w.org\/{rel}","templated":true}]}}