{"id":70939,"date":"2020-05-01T01:02:54","date_gmt":"2020-05-01T04:02:54","guid":{"rendered":"http:\/\/pdt-rj.org.br\/?p=70939"},"modified":"2020-05-01T02:30:44","modified_gmt":"2020-05-01T05:30:44","slug":"1o-de-maio-vencer-a-pandemia-liberal-que-dizimou-a-economia","status":"publish","type":"post","link":"https:\/\/pdt-rj.org.br\/index.php\/1o-de-maio-vencer-a-pandemia-liberal-que-dizimou-a-economia\/","title":{"rendered":"1\u00ba de Maio: Vencer a pandemia liberal que dizimou a economia"},"content":{"rendered":"<p>Em primeiro lugar, quero saudar a todos os trabalhadoras e trabalhadores pela comemora\u00e7\u00e3o do 1\u00ba de Maio. Em especial, aos her\u00f3is profissionais da sa\u00fade e funcion\u00e1rios p\u00fablicos de servi\u00e7os essenciais que arriscam suas vidas para proteger e salvar as nossas.<\/p>\n<p>Este ano, esta data \u00e9 comemorada de forma diferente, por conta de uma pandemia mundial que mudou nosso cotidiano, que tem ceifado vidas dos nossos compatriotas e trazido muita dor e sofrimento para o nosso povo, em especial, aos mais humildes e necessitados.<\/p>\n<p>Mais do que tudo, gostaria de trazer hoje a todos voc\u00eas, uma mensagem de esperan\u00e7a.<\/p>\n<p>N\u00e3o tenho d\u00favidas de que, apesar do governo federal e suas loucuras, a sociedade brasileira ir\u00e1 vencer a luta contra o coronav\u00edrus. Sim, n\u00f3s vamos superar isso.<\/p>\n<p>Mas acredito que toda grande crise, quando a nossa vida corre perigo, nos faz refletir sobre o como doente e atacada est\u00e1 o nosso Pa\u00eds. O Brasil est\u00e1 sendo atacado incansavelmente por diversos v\u00edrus nos \u00faltimos anos.<\/p>\n<p>Passamos e sofremos ainda com o v\u00edrus da corrup\u00e7\u00e3o e dos desmandos governamentais. Sofremos com a doen\u00e7a do desemprego (j\u00e1 fazem quase 5 anos que temos mais de 10 milh\u00f5es de desempregados!), da desindustrializa\u00e7\u00e3o, dos juros criminosos do cartel banc\u00e1rio brasileiro. Nosso Pa\u00eds e nosso povo est\u00e3o sendo constantemente atacados pelo v\u00edrus do \u00f3dio, da intoler\u00e2ncia, um v\u00edrus contra a ci\u00eancia, a solidariedade, os servi\u00e7os p\u00fablicos e a import\u00e2ncia do Estado para a sociedade.<\/p>\n<p>O presidente da Rep\u00fablica e seu gabinete do \u00f3dio tentam romper a imunidade da Democracia pregando a volta da ditadura militar e dos por\u00f5es da tortura que levaram incans\u00e1veis patriotas. Atacam o movimento estudantil, os sindicatos, os direitos trabalhistas, a Previd\u00eancia, a economia do Pa\u00eds e, sobretudo, os interesses nacionais estrat\u00e9gicos.<\/p>\n<p>As mazelas econ\u00f4micas e sociais que ainda enfrentaremos ser\u00e3o resultado de toda essa loucura e n\u00e3o apenas do coronav\u00edrus. Afinal, antes da pandemia, nossa realidade era de crise: 12 milh\u00f5es de desempregados, 63 milh\u00f5es de brasileiros com o nome sujo e mais de 35 milh\u00f5es de trabalhadores no limbo da informalidade e do trabalho prec\u00e1rio. A pandemia tornar\u00e1 mais evidente os erros dessas pol\u00edticas.<\/p>\n<p>Mas a coisa mais importante nisso tudo \u00e9 que temos a vacina e a cura para todas essas doen\u00e7as. A vacina se chama Projeto Nacional de Desenvolvimento.<\/p>\n<p>Somente um Projeto Nacional ser\u00e1 capaz de reativar os setores da economia destru\u00eddos pela insanidade imposta pelo liberalismo selvagem que, nessa crise, deixou o Pa\u00eds exposto por n\u00e3o conseguir produzir at\u00e9 mesmo m\u00e1scaras de prote\u00e7\u00e3o, que internacionalizou a nossa ind\u00fastria de f\u00e1rmacos, que exp\u00f5es nossa economia e poder de compra \u00e0 varia\u00e7\u00e3o intolerante do d\u00f3lar e fechou milh\u00f5es de empresas e empregos no Brasil.<\/p>\n<p>A sa\u00edda para a pandemia da loucura, da insensatez, do desemprego e da mis\u00e9ria chama-se Projeto Nacional de Desenvolvimento.<\/p>\n<p>&nbsp;<\/p>\n<p><strong><em>*Presidente da Central dos Sindicatos Brasileiros (CSB)<\/em><\/strong><\/p>\n<!-- AddThis Advanced Settings generic via filter on the_content --><!-- AddThis Share Buttons generic via filter on the_content -->","protected":false},"excerpt":{"rendered":"<p>Em primeiro lugar, quero saudar a todos os trabalhadoras e trabalhadores pela comemora\u00e7\u00e3o do 1\u00ba de Maio. Em especial, aos her\u00f3is profissionais da sa\u00fade e funcion\u00e1rios p\u00fablicos de servi\u00e7os essenciais que arriscam suas vidas para proteger e salvar as nossas. Este ano, esta data \u00e9 comemorada de forma diferente, por conta de uma pandemia mundial&#8230;<!-- AddThis Advanced Settings generic via filter on wp_trim_excerpt --><!-- AddThis Share Buttons generic via filter on wp_trim_excerpt --><\/p>\n","protected":false},"author":17,"featured_media":70940,"comment_status":"closed","ping_status":"closed","sticky":false,"template":"","format":"standard","meta":{"_monsterinsights_skip_tracking":false,"_monsterinsights_sitenote_active":false,"_monsterinsights_sitenote_note":"","_monsterinsights_sitenote_category":0,"_uf_show_specific_survey":0,"_uf_disable_surveys":false,"footnotes":""},"categories":[1584,976],"tags":[2907,2621,3316,3505,3504,1541,919],"class_list":["post-70939","post","type-post","status-publish","format-standard","has-post-thumbnail","hentry","category-artigos","category-noticias-em-destaque","tag-1o-de-maio","tag-antonio-neto","tag-coronavirus","tag-funcionarios-publicos","tag-profissionais-da-saude","tag-projeto-nacional-de-desenvolvimento","tag-trabalhadores"],"acf":[],"_links":{"self":[{"href":"https:\/\/pdt-rj.org.br\/index.php\/wp-json\/wp\/v2\/posts\/70939","targetHints":{"allow":["GET"]}}],"collection":[{"href":"https:\/\/pdt-rj.org.br\/index.php\/wp-json\/wp\/v2\/posts"}],"about":[{"href":"https:\/\/pdt-rj.org.br\/index.php\/wp-json\/wp\/v2\/types\/post"}],"author":[{"embeddable":true,"href":"https:\/\/pdt-rj.org.br\/index.php\/wp-json\/wp\/v2\/users\/17"}],"replies":[{"embeddable":true,"href":"https:\/\/pdt-rj.org.br\/index.php\/wp-json\/wp\/v2\/comments?post=70939"}],"version-history":[{"count":2,"href":"https:\/\/pdt-rj.org.br\/index.php\/wp-json\/wp\/v2\/posts\/70939\/revisions"}],"predecessor-version":[{"id":70957,"href":"https:\/\/pdt-rj.org.br\/index.php\/wp-json\/wp\/v2\/posts\/70939\/revisions\/70957"}],"wp:featuredmedia":[{"embeddable":true,"href":"https:\/\/pdt-rj.org.br\/index.php\/wp-json\/wp\/v2\/media\/70940"}],"wp:attachment":[{"href":"https:\/\/pdt-rj.org.br\/index.php\/wp-json\/wp\/v2\/media?parent=70939"}],"wp:term":[{"taxonomy":"category","embeddable":true,"href":"https:\/\/pdt-rj.org.br\/index.php\/wp-json\/wp\/v2\/categories?post=70939"},{"taxonomy":"post_tag","embeddable":true,"href":"https:\/\/pdt-rj.org.br\/index.php\/wp-json\/wp\/v2\/tags?post=70939"}],"curies":[{"name":"wp","href":"https:\/\/api.w.org\/{rel}","templated":true}]}}