{"id":70918,"date":"2020-04-30T18:36:55","date_gmt":"2020-04-30T21:36:55","guid":{"rendered":"http:\/\/pdt-rj.org.br\/?p=70918"},"modified":"2020-05-01T18:44:22","modified_gmt":"2020-05-01T21:44:22","slug":"fundacao-leonel-brizola-ap-oferecera-aulas-com-transmissoes-ao-vivo-para-qualificacao-dos-pre-candidatos","status":"publish","type":"post","link":"https:\/\/pdt-rj.org.br\/index.php\/fundacao-leonel-brizola-ap-oferecera-aulas-com-transmissoes-ao-vivo-para-qualificacao-dos-pre-candidatos\/","title":{"rendered":"Funda\u00e7\u00e3o Leonel Brizola oferecer\u00e1 aulas com transmiss\u00f5es ao vivo para qualifica\u00e7\u00e3o de pr\u00e9-candidatos"},"content":{"rendered":"<p>\u201cPrecisamos criar uma rede nacional para atingir o Brasil inteiro com boas ideias para o desenvolvimento e crescimento do Pa\u00eds\u201d. Foi com essa fala que o presidente da Funda\u00e7\u00e3o Leonel Brizola \u2013 Alberto Pasqualini (FLB-AP), Manoel Dias, iniciou a primeira reuni\u00e3o de planejamento estrat\u00e9gico, por videoconfer\u00eancia, com os vice-presidentes da regi\u00e3o Sul do Brasil, nessa quarta-feira (29). Reuni\u00e3o foi coordenada pelo diretor de Relacionamento de Multinacionais, o palestrante Jean Oliskovicz.<\/p>\n<p>Para oferecer maior qualifica\u00e7\u00e3o aos pr\u00e9-candidatos \u00e0s elei\u00e7\u00f5es, a FLB-AP e Universidade Leonel Brizola (ULB) produzir\u00e1 cursos, concentrando-se na realidade de cada estado brasileiro, que ir\u00e1 conter todas as vertentes da pol\u00edtica, fundamentado no trabalhismo.<\/p>\n<p>Com transmiss\u00f5es ao vivo e aulas mais din\u00e2micas, os pr\u00e9-candidatos, milit\u00e2ncia, grupos de n\u00facleos de base e toda popula\u00e7\u00e3o ter\u00e1 acesso aos cursos de: Marketing eleitoral, Direito eleitoral, Nuclea\u00e7\u00e3o, Cidades Sustent\u00e1veis, Orat\u00f3ria e Programa do PDT, que ser\u00e3o disponibilizadas gratuitamente no site e no APP da ULB e nas principais plataformas digitais, todos com diploma reconhecido em todo pa\u00eds.<\/p>\n<p>Tamb\u00e9m estar\u00e1 dispon\u00edvel aos pr\u00e9-candidatos, uma equipe de advogados do PDT para atender todas as demandas necess\u00e1rias e orienta-los sobre quaisquer assuntos relacionados ao pleito eleitoral.<\/p>\n<p>Na ocasi\u00e3o, tamb\u00e9m foi apresentado a pr\u00f3xima revista sendo produzida pelo Centro de Mem\u00f3ria Trabalhista (CMT) que lembrar\u00e1 os 90 anos do trabalhismo de Get\u00falio at\u00e9 os dias atuais com Ciro Gomes.<\/p>\n<p>Estiveram presentes na videoconfer\u00eancia o vice-presidente da FLB-AP de Santa Catarina, Allan Schoreeder, Miguelina Vecchio, vice-presidente do Rio Grande do Sul, e toda equipe da Funda\u00e7\u00e3o.<\/p>\n<!-- AddThis Advanced Settings generic via filter on the_content --><!-- AddThis Share Buttons generic via filter on the_content -->","protected":false},"excerpt":{"rendered":"<p>\u201cPrecisamos criar uma rede nacional para atingir o Brasil inteiro com boas ideias para o desenvolvimento e crescimento do Pa\u00eds\u201d. Foi com essa fala que o presidente da Funda\u00e7\u00e3o Leonel Brizola \u2013 Alberto Pasqualini (FLB-AP), Manoel Dias, iniciou a primeira reuni\u00e3o de planejamento estrat\u00e9gico, por videoconfer\u00eancia, com os vice-presidentes da regi\u00e3o Sul do Brasil, nessa&#8230;<!-- AddThis Advanced Settings generic via filter on wp_trim_excerpt --><!-- AddThis Share Buttons generic via filter on wp_trim_excerpt --><\/p>\n","protected":false},"author":17,"featured_media":70926,"comment_status":"closed","ping_status":"closed","sticky":false,"template":"","format":"standard","meta":{"_monsterinsights_skip_tracking":false,"_monsterinsights_sitenote_active":false,"_monsterinsights_sitenote_note":"","_monsterinsights_sitenote_category":0,"_uf_show_specific_survey":0,"_uf_disable_surveys":false,"footnotes":""},"categories":[1390,3328],"tags":[350,3473,46,1598],"class_list":["post-70918","post","type-post","status-publish","format-standard","has-post-thumbnail","hentry","category-editorias","category-flb-ap","tag-eleicoes-municipais","tag-fundacao-leonel-brizola-alberto-pasqualini-de-pernambuco","tag-trabalhismo","tag-universidade-aberta-leonel-brizola"],"acf":[],"_links":{"self":[{"href":"https:\/\/pdt-rj.org.br\/index.php\/wp-json\/wp\/v2\/posts\/70918","targetHints":{"allow":["GET"]}}],"collection":[{"href":"https:\/\/pdt-rj.org.br\/index.php\/wp-json\/wp\/v2\/posts"}],"about":[{"href":"https:\/\/pdt-rj.org.br\/index.php\/wp-json\/wp\/v2\/types\/post"}],"author":[{"embeddable":true,"href":"https:\/\/pdt-rj.org.br\/index.php\/wp-json\/wp\/v2\/users\/17"}],"replies":[{"embeddable":true,"href":"https:\/\/pdt-rj.org.br\/index.php\/wp-json\/wp\/v2\/comments?post=70918"}],"version-history":[{"count":14,"href":"https:\/\/pdt-rj.org.br\/index.php\/wp-json\/wp\/v2\/posts\/70918\/revisions"}],"predecessor-version":[{"id":70967,"href":"https:\/\/pdt-rj.org.br\/index.php\/wp-json\/wp\/v2\/posts\/70918\/revisions\/70967"}],"wp:featuredmedia":[{"embeddable":true,"href":"https:\/\/pdt-rj.org.br\/index.php\/wp-json\/wp\/v2\/media\/70926"}],"wp:attachment":[{"href":"https:\/\/pdt-rj.org.br\/index.php\/wp-json\/wp\/v2\/media?parent=70918"}],"wp:term":[{"taxonomy":"category","embeddable":true,"href":"https:\/\/pdt-rj.org.br\/index.php\/wp-json\/wp\/v2\/categories?post=70918"},{"taxonomy":"post_tag","embeddable":true,"href":"https:\/\/pdt-rj.org.br\/index.php\/wp-json\/wp\/v2\/tags?post=70918"}],"curies":[{"name":"wp","href":"https:\/\/api.w.org\/{rel}","templated":true}]}}