{"id":70876,"date":"2020-04-29T09:17:20","date_gmt":"2020-04-29T12:17:20","guid":{"rendered":"http:\/\/pdt-rj.org.br\/?p=70876"},"modified":"2020-08-28T12:44:31","modified_gmt":"2020-08-28T15:44:31","slug":"tulio-gadelha-e-juventude-socialista-do-pdt-criam-pl-para-reduzir-valor-das-mensalidades-de-faculdades-privadas","status":"publish","type":"post","link":"https:\/\/pdt-rj.org.br\/index.php\/tulio-gadelha-e-juventude-socialista-do-pdt-criam-pl-para-reduzir-valor-das-mensalidades-de-faculdades-privadas\/","title":{"rendered":"T\u00falio Gad\u00ealha e Juventude Socialista do PDT criam PL para reduzir valor das mensalidades de faculdades privadas"},"content":{"rendered":"<p>\u201c\u00c9 necess\u00e1rio garantir condi\u00e7\u00f5es aos estudantes para que n\u00e3o desistam desta busca por uma vida melhor\u201d. \u00c9 com essa afirma\u00e7\u00e3o que o deputado federal T\u00falio Gad\u00ealha (PDT-PE) apresentou nessa ter\u00e7a-feira (28), Dia da Educa\u00e7\u00e3o, o <a href=\"https:\/\/www.camara.leg.br\/proposicoesWeb\/prop_mostrarintegra;jsessionid=1F3CE22A01CAAC85F75F9D3EE2E11743.proposicoesWebExterno2?codteor=1887340&amp;filename=Tramitacao-PL+2229\/2020\">Projeto de Lei 2229\/20<\/a> elaborado em conjunto com a Juventude Socialista do PDT (JS) e debatido com o movimento estudantil universit\u00e1rio, que visa reduzir o valor das mensalidades das institui\u00e7\u00f5es de ensino superior privadas.<\/p>\n<p>Com a aprova\u00e7\u00e3o do PL , as faculdades ter\u00e3o que reduzir entre 15% a 30% do valor das mensalidades, dependendo do tamanho da institui\u00e7\u00e3o e enquanto durar a pandemia do Covid-19.<\/p>\n<p>O pedetista ressalta que a necessidade de mudan\u00e7a e readequa\u00e7\u00e3o \u00e9 de urg\u00eancia, por causa da nova realidade causada pela pandemia.<\/p>\n<p>\u201cDesde o in\u00edcio da pandemia, o cotidiano mudou, a l\u00f3gica de trabalho mudou, o com\u00e9rcio e espa\u00e7os de grande aglomera\u00e7\u00e3o como as universidades tamb\u00e9m mudaram\u201d.<\/p>\n<p>Ainda de acordo com o projeto, as institui\u00e7\u00f5es n\u00e3o poder\u00e3o cobrar juros e multas pela inadimpl\u00eancia das mensalidades durante o per\u00edodo. Al\u00e9m disso, a redu\u00e7\u00e3o da mensalidade n\u00e3o comprometer\u00e1 pol\u00edticas de descontos ou bolsas concedidas anteriormente.<\/p>\n<p>&nbsp;<\/p>\n<p>&nbsp;<\/p>\n<!-- AddThis Advanced Settings generic via filter on the_content --><!-- AddThis Share Buttons generic via filter on the_content -->","protected":false},"excerpt":{"rendered":"<p>\u201c\u00c9 necess\u00e1rio garantir condi\u00e7\u00f5es aos estudantes para que n\u00e3o desistam desta busca por uma vida melhor\u201d. \u00c9 com essa afirma\u00e7\u00e3o que o deputado federal T\u00falio Gad\u00ealha (PDT-PE) apresentou nessa ter\u00e7a-feira (28), Dia da Educa\u00e7\u00e3o, o Projeto de Lei 2229\/20 elaborado em conjunto com a Juventude Socialista do PDT (JS) e debatido com o movimento estudantil&#8230;<!-- AddThis Advanced Settings generic via filter on wp_trim_excerpt --><!-- AddThis Share Buttons generic via filter on wp_trim_excerpt --><\/p>\n","protected":false},"author":17,"featured_media":70878,"comment_status":"closed","ping_status":"closed","sticky":false,"template":"","format":"standard","meta":{"_monsterinsights_skip_tracking":false,"_monsterinsights_sitenote_active":false,"_monsterinsights_sitenote_note":"","_monsterinsights_sitenote_category":0,"_uf_show_specific_survey":0,"_uf_disable_surveys":false,"footnotes":""},"categories":[1390,1459],"tags":[3499,3500,539,3378,3501,2491],"class_list":["post-70876","post","type-post","status-publish","format-standard","has-post-thumbnail","hentry","category-editorias","category-congresso","tag-dia-da-educacao","tag-faculdades-privadas","tag-juventude-socialista","tag-pandemia","tag-projeto-de-lei-2229-20","tag-tulio-gadelha"],"acf":[],"_links":{"self":[{"href":"https:\/\/pdt-rj.org.br\/index.php\/wp-json\/wp\/v2\/posts\/70876","targetHints":{"allow":["GET"]}}],"collection":[{"href":"https:\/\/pdt-rj.org.br\/index.php\/wp-json\/wp\/v2\/posts"}],"about":[{"href":"https:\/\/pdt-rj.org.br\/index.php\/wp-json\/wp\/v2\/types\/post"}],"author":[{"embeddable":true,"href":"https:\/\/pdt-rj.org.br\/index.php\/wp-json\/wp\/v2\/users\/17"}],"replies":[{"embeddable":true,"href":"https:\/\/pdt-rj.org.br\/index.php\/wp-json\/wp\/v2\/comments?post=70876"}],"version-history":[{"count":4,"href":"https:\/\/pdt-rj.org.br\/index.php\/wp-json\/wp\/v2\/posts\/70876\/revisions"}],"predecessor-version":[{"id":70881,"href":"https:\/\/pdt-rj.org.br\/index.php\/wp-json\/wp\/v2\/posts\/70876\/revisions\/70881"}],"wp:featuredmedia":[{"embeddable":true,"href":"https:\/\/pdt-rj.org.br\/index.php\/wp-json\/wp\/v2\/media\/70878"}],"wp:attachment":[{"href":"https:\/\/pdt-rj.org.br\/index.php\/wp-json\/wp\/v2\/media?parent=70876"}],"wp:term":[{"taxonomy":"category","embeddable":true,"href":"https:\/\/pdt-rj.org.br\/index.php\/wp-json\/wp\/v2\/categories?post=70876"},{"taxonomy":"post_tag","embeddable":true,"href":"https:\/\/pdt-rj.org.br\/index.php\/wp-json\/wp\/v2\/tags?post=70876"}],"curies":[{"name":"wp","href":"https:\/\/api.w.org\/{rel}","templated":true}]}}