{"id":70843,"date":"2020-04-28T20:19:14","date_gmt":"2020-04-28T23:19:14","guid":{"rendered":"http:\/\/pdt-rj.org.br\/?p=70843"},"modified":"2020-05-01T19:38:02","modified_gmt":"2020-05-01T22:38:02","slug":"acao-do-pdt-psb-e-pv-no-stf-pede-apreensao-de-provas-contra-bolsonaro","status":"publish","type":"post","link":"https:\/\/pdt-rj.org.br\/index.php\/acao-do-pdt-psb-e-pv-no-stf-pede-apreensao-de-provas-contra-bolsonaro\/","title":{"rendered":"A\u00e7\u00e3o do PDT, PSB e PV  no STF pede apreens\u00e3o de provas contra Bolsonaro"},"content":{"rendered":"<p>O PDT, juntamente com o PSB e o PV,\u00a0 ingressou no Supremo Tribunal Federal (STF), no in\u00edcio da noite desta ter\u00e7a-feira (28), uma not\u00edcia-crime solicitando a apura\u00e7\u00e3o da \u00faltima declara\u00e7\u00e3o do ex-ministro da Justi\u00e7a e Seguran\u00e7a P\u00fablica S\u00e9rgio Moro, na qual ele acusa o presidente Bolsonaro de atos que, no entendimento das referidas legendas, compreendem os crimes de falsidade ideol\u00f3gica, coa\u00e7\u00e3o no curso do processo, advocacia administrativa, corrup\u00e7\u00e3o ativa, prevarica\u00e7\u00e3o e obstru\u00e7\u00e3o da justi\u00e7a.<\/p>\n<p>Em coletiva de imprensa realizada na \u00faltima sexta-feira (24), Moro acusou Bolsonaro de tentar interferir politicamente no comando da Pol\u00edcia Federal para obter acesso \u00e0s informa\u00e7\u00f5es sigilosas e a relat\u00f3rios de intelig\u00eancia. Na mesma ocasi\u00e3o, Moro anunciou a sua demiss\u00e3o do Governo Federal, segundo ele, devido \u00e0 exonera\u00e7\u00e3o do Diretor-Geral da Pol\u00edcia Federal, Maur\u00edcio Leite Valeixo. E para comprovar as acusa\u00e7\u00f5es, o ex-ministro divulgou ao Jornal Nacional <em>prints<\/em> de uma suposta conversa com a deputada federal Carla Zambelli , por meio da rede social Whatsapp.<\/p>\n<p>No pedido enviado ao STF, os partidos chamam a aten\u00e7\u00e3o para o fato de a exonera\u00e7\u00e3o de Valeixo ocorrer, curiosamente, \u201cquando os atos investigativos levados a cabo pela Pol\u00edcia Federal est\u00e3o pr\u00f3ximos de alcan\u00e7ar Eduardo Bolsonaro e Carlos Bolsonaro, o que denota n\u00edtido interesse em influenciar os des\u00edgnios da Pol\u00edcia Federal\u201d. O documento tamb\u00e9m aponta que o discurso de combate \u00e0 corrup\u00e7\u00e3o, base da plataforma do presidente nas Elei\u00e7\u00f5es 2018, foi \u201cdesmanchado\u201d, de acordo com as novas revela\u00e7\u00f5es, \u201duma vez que o pr\u00f3prio baluarte da moralidade lan\u00e7a m\u00e3o de diversos prot\u00f3tipos profanadores do princ\u00edpio republicano e da probidade na Administra\u00e7\u00e3o P\u00fablica\u201d.<\/p>\n<p>Com esse entendimento, PDT, PSB e PV apelam \u00e0 Suprema Corte para a relev\u00e2ncia da produ\u00e7\u00e3o antecipada de provas, por meio da realiza\u00e7\u00e3o de busca e apreens\u00e3o dos aparelhos celulares do presidente Bolsonaro, de Carlos Bolsonaro, de Maur\u00edcio Valeixo, de S\u00e9rgio Moro e de Carla Zambelli para que sejam submetidos \u00e0 per\u00edcia para apura\u00e7\u00e3o e comprova\u00e7\u00e3o dos fatos. A peti\u00e7\u00e3o ser\u00e1 encaminhada ao Ministro Celso de Mello, que avaliar\u00e1 os pedidos formulados e encaminhar\u00e1 para o Procurador-Geral da Rep\u00fablica.<\/p>\n<p>Os partidos pedem que, ap\u00f3s reconhecimento, a not\u00edcia crime seja remetida \u00e0 Procuradoria-Geral da Rep\u00fablica (PGR), para que sejam adotadas todas as medidas necess\u00e1rias para o esclarecimento dos referidos crimes, especificamente quanto \u00e0 pr\u00e1tica de corrup\u00e7\u00e3o ativa, de acordo com o artigo 333 do C\u00f3digo Penal.<\/p>\n<p>&nbsp;<\/p>\n<p>Veja a \u00edntegra dos documentos abaixo.<\/p>\n<p><strong><a href=\"http:\/\/pdt-rj.org.br\/wp-content\/uploads\/2020\/04\/Protocolo-da-peti\u00e7\u00e3o-da-Not\u00edcia-Crime.pdf\">Protocolo da peti\u00e7\u00e3o da Not\u00edcia Crime<\/a><\/strong><\/p>\n<p><strong><a href=\"http:\/\/pdt-rj.org.br\/wp-content\/uploads\/2020\/04\/Not\u00edcia-Crime.pdf\">Not\u00edcia Crime<\/a> <\/strong><\/p>\n<p>&nbsp;<\/p>\n<p>Leia tamb\u00e9m:<\/p>\n<p><a href=\"http:\/\/pdt-rj.org.br\/index.php\/pdt-pede-que-moro-seja-testemunha-em-processo-de-impeachment-de-bolsonaro\/\" rel=\"bookmark\" data-wpel-link=\"internal\">PDT pede que Moro seja testemunha em processo de impeachment de Bolsonaro<\/a><\/p>\n<p><a href=\"http:\/\/pdt-rj.org.br\/index.php\/pedetistas-e-deputados-da-oposicao-apoiam-cpi-sobre-denuncias-de-moro\/\">Pedetistas e deputados da oposi\u00e7\u00e3o apoiam CPI sobre den\u00fancias de Moro<\/a><\/p>\n<!-- AddThis Advanced Settings generic via filter on the_content --><!-- AddThis Share Buttons generic via filter on the_content -->","protected":false},"excerpt":{"rendered":"<p>O PDT, juntamente com o PSB e o PV,\u00a0 ingressou no Supremo Tribunal Federal (STF), no in\u00edcio da noite desta ter\u00e7a-feira (28), uma not\u00edcia-crime solicitando a apura\u00e7\u00e3o da \u00faltima declara\u00e7\u00e3o do ex-ministro da Justi\u00e7a e Seguran\u00e7a P\u00fablica S\u00e9rgio Moro, na qual ele acusa o presidente Bolsonaro de atos que, no entendimento das referidas legendas, compreendem&#8230;<!-- AddThis Advanced Settings generic via filter on wp_trim_excerpt --><!-- AddThis Share Buttons generic via filter on wp_trim_excerpt --><\/p>\n","protected":false},"author":17,"featured_media":54106,"comment_status":"closed","ping_status":"closed","sticky":false,"template":"","format":"standard","meta":{"_monsterinsights_skip_tracking":false,"_monsterinsights_sitenote_active":false,"_monsterinsights_sitenote_note":"","_monsterinsights_sitenote_category":0,"_uf_show_specific_survey":0,"_uf_disable_surveys":false,"footnotes":""},"categories":[1390,1401],"tags":[3515,3490,28,899],"class_list":["post-70843","post","type-post","status-publish","format-standard","has-post-thumbnail","hentry","category-editorias","category-nacional","tag-apreensao-de-provas","tag-noticia-crime","tag-stf","tag-supremo-tribunal-federal"],"acf":[],"_links":{"self":[{"href":"https:\/\/pdt-rj.org.br\/index.php\/wp-json\/wp\/v2\/posts\/70843","targetHints":{"allow":["GET"]}}],"collection":[{"href":"https:\/\/pdt-rj.org.br\/index.php\/wp-json\/wp\/v2\/posts"}],"about":[{"href":"https:\/\/pdt-rj.org.br\/index.php\/wp-json\/wp\/v2\/types\/post"}],"author":[{"embeddable":true,"href":"https:\/\/pdt-rj.org.br\/index.php\/wp-json\/wp\/v2\/users\/17"}],"replies":[{"embeddable":true,"href":"https:\/\/pdt-rj.org.br\/index.php\/wp-json\/wp\/v2\/comments?post=70843"}],"version-history":[{"count":20,"href":"https:\/\/pdt-rj.org.br\/index.php\/wp-json\/wp\/v2\/posts\/70843\/revisions"}],"predecessor-version":[{"id":70969,"href":"https:\/\/pdt-rj.org.br\/index.php\/wp-json\/wp\/v2\/posts\/70843\/revisions\/70969"}],"wp:featuredmedia":[{"embeddable":true,"href":"https:\/\/pdt-rj.org.br\/index.php\/wp-json\/wp\/v2\/media\/54106"}],"wp:attachment":[{"href":"https:\/\/pdt-rj.org.br\/index.php\/wp-json\/wp\/v2\/media?parent=70843"}],"wp:term":[{"taxonomy":"category","embeddable":true,"href":"https:\/\/pdt-rj.org.br\/index.php\/wp-json\/wp\/v2\/categories?post=70843"},{"taxonomy":"post_tag","embeddable":true,"href":"https:\/\/pdt-rj.org.br\/index.php\/wp-json\/wp\/v2\/tags?post=70843"}],"curies":[{"name":"wp","href":"https:\/\/api.w.org\/{rel}","templated":true}]}}