{"id":70831,"date":"2020-04-28T13:22:53","date_gmt":"2020-04-28T16:22:53","guid":{"rendered":"http:\/\/pdt-rj.org.br\/?p=70831"},"modified":"2020-05-01T20:18:03","modified_gmt":"2020-05-01T23:18:03","slug":"lupi-informa-is-sobre-crises-concomitantes-no-brasil","status":"publish","type":"post","link":"https:\/\/pdt-rj.org.br\/index.php\/lupi-informa-is-sobre-crises-concomitantes-no-brasil\/","title":{"rendered":"Lupi informa Internacional Socialista sobre crises concomitantes no Brasil"},"content":{"rendered":"<p>A Internacional Socialista (IS) pediu informa\u00e7\u00f5es sobre a situa\u00e7\u00e3o pol\u00edtica e sanit\u00e1ria no Brasil ao presidente do PDT (\u00fanico partido brasileiro integrante da organiza\u00e7\u00e3o), Carlos Lupi, na \u00faltima semana. O pedido \u00e9 um reflexo da uni\u00e3o de duas crises no pa\u00eds: a do Covid-19 e a do governo Bolsonaro, sendo a primeira seriamente agravada pela \u00faltima.<\/p>\n<p>\u201cEstamos ref\u00e9ns de um governo inepto e irrespons\u00e1vel\u201d, escreve Lupi ainda no primeiro par\u00e1grafo da carta enviada hoje (28) \u00e0 IS. Em seguida, o l\u00edder trabalhista exp\u00f5e uma lista de motivos que, al\u00e9m de outros, apresenta a troca do ministro da Sa\u00fade durante ascens\u00e3o da pandemia, o incentivo e a participa\u00e7\u00e3o do presidente Jair Bolsonaro nas manifesta\u00e7\u00f5es antidemocr\u00e1ticas do \u00faltimo dia 19 e a sua tentativa de interfer\u00eancia em investiga\u00e7\u00f5es da Pol\u00edcia Federal \u2013 esta delatada pelo ent\u00e3o ministro da Justi\u00e7a, Sergio Moro, em seu pronunciamento de ren\u00fancia ao cargo.<\/p>\n<p>\u201cPara al\u00e9m das amea\u00e7as ao regime democr\u00e1tico, o presidente \u00e9 um fabricante de crises pol\u00edticas. Irritado com seu ent\u00e3o Ministro da Sa\u00fade, Henrique Mandetta, simplesmente por este seguir as orienta\u00e7\u00f5es da OMS, Bolsonaro decidiu substitu\u00ed-lo por um m\u00e9dico sem qualquer experi\u00eancia na gest\u00e3o p\u00fablica e que, at\u00e9 agora, tem se demonstrado nulo no cargo\u201d, diz a carta.<\/p>\n<p>Ao relatar o pedido de impeachment feito pelo PDT na \u00faltima quarta-feira, Lupi assevera que \u201cse tornou inaceit\u00e1vel a continuidade de Bolsonaro no cargo m\u00e1ximo da Rep\u00fablica Federativa do Brasil\u201d. O presidente pedetista encerra a carta com um pedido e uma afirma\u00e7\u00e3o: \u201cContamos com voc\u00eas para denunciar ao mundo o perigo que o Brasil vive nas m\u00e3os de um radical irrespons\u00e1vel. Aqui, seguiremos na luta para proteger o nosso povo e enfrentar os efeitos nefastos da pandemia e do retrocesso pol\u00edtico\u201d.<\/p>\n<p>&nbsp;<\/p>\n<p>Leia abaixo a \u00edntegra do documento:<\/p>\n<p><em>Prezados membros da Internacional Socialista,<\/em><\/p>\n<p><em>\u00c9 com muita honra e consci\u00eancia de minha responsabilidade que vos escrevo para falar um pouco sobre a situa\u00e7\u00e3o do meu pa\u00eds, Brasil, em meio \u00e0 pandemia de Covid-19. Infelizmente, o meu relato ser\u00e1 tamb\u00e9m uma den\u00fancia e um protesto, pois estamos ref\u00e9ns de um governo inepto e irrespons\u00e1vel, o que tem agravado ainda mais os efeitos do v\u00edrus.<\/em><\/p>\n<p><em>O atual Presidente da Rep\u00fablica Federativa do Brasil, Jair Messias Bolsonaro, considerado como de \u201cextrema-direita\u201d, alinha-se \u00e0queles que negam a ci\u00eancia e as recomenda\u00e7\u00f5es da OMS (Organiza\u00e7\u00e3o Mundial de Sa\u00fade). Enquanto os governadores dos estados brasileiros se apressaram em decretar quarentena, Bolsonaro fez quest\u00e3o de ir \u00e0 televis\u00e3o, em rede nacional, sugerir que o isolamento deveria ser flexibilizado. Recomendou, por exemplo, que as escolas fossem reabertas, visto que crian\u00e7as n\u00e3o fazem parte do grupo de risco da doen\u00e7a. \u00c9 um pensamento completamente limitado, pois ignora o fato de que crian\u00e7as moram com seus pais e av\u00f3s e que, portanto, as chances de dissemina\u00e7\u00e3o do v\u00edrus continuariam altas.<\/em><\/p>\n<p><em>Em seu pronunciamento \u00e0 popula\u00e7\u00e3o, Bolsonaro ainda recomendou o uso de um poss\u00edvel medicamento para tratamento do v\u00edrus, a cloroquina, mas sem que houvesse qualquer defini\u00e7\u00e3o da comunidade cient\u00edfica a respeito da efic\u00e1cia do medicamento, assim como dos riscos que ele poderia trazer.<\/em><\/p>\n<p><em>N\u00e3o bastasse o seu discurso, o presidente decidiu ele mesmo violar as regras de isolamento social, visitando padarias, farm\u00e1cias, com\u00e9rcio popular etc. Vale lembrar que, ap\u00f3s uma viagem de Bolsonaro aos Estados Unidos, cerca de 24 membros da comitiva presidencial testaram positivo para Covid-19. Portanto, mesmo que Bolsonaro tenha negado a contamina\u00e7\u00e3o (ele n\u00e3o mostrou o exame para a imprensa), o seu contato com a popula\u00e7\u00e3o nas ruas \u00e9 ainda mais imprudente e irrespons\u00e1vel.<\/em><\/p>\n<p><em>Apoiadores do presidente iniciaram, ent\u00e3o, campanhas contra a quarentena e pela reabertura do com\u00e9rcio. Diversas carreatas foram feitas no pa\u00eds com palavras de ordem nesse sentido e cr\u00edticas aos governadores, \u00e0 imprensa e \u00e0 comunidade cient\u00edfica.<\/em><\/p>\n<p><em>Enquanto isso, Bolsonaro n\u00e3o tomou as medidas necess\u00e1rias para amparar a popula\u00e7\u00e3o mais pobre durante o momento de paralisa\u00e7\u00e3o das atividades. Sua equipe econ\u00f4mica, inicialmente, prop\u00f4s um aux\u00edlio de apenas 200 reais para trabalhadores informais \u2013 um valor completamente irris\u00f3rio e insuficiente. Ap\u00f3s articula\u00e7\u00f5es do Congresso, o aux\u00edlio foi alterado para 600 reais, e ficou dias esperando a san\u00e7\u00e3o do presidente. Ainda hoje, ap\u00f3s algumas semanas desde o in\u00edcio do programa, muitas pessoas que se cadastraram ainda n\u00e3o receberam o aux\u00edlio, expondo desorganiza\u00e7\u00e3o por parte do governo.<\/em><\/p>\n<p><em>Todo este cen\u00e1rio de irresponsabilidade do senhor Jair Bolsonaro ocorre em meio \u00e0 evolu\u00e7\u00e3o da pandemia no mundo e no Brasil. Nesta data que vos escrevo, 28\/04\/2020, j\u00e1 temos 66.501 casos confirmados e 4.543 mortes no pa\u00eds. H\u00e1 s\u00e9rios ind\u00edcios de subnotifica\u00e7\u00e3o dos casos, uma vez que basicamente n\u00e3o h\u00e1 testes na rede p\u00fablica de sa\u00fade, o que indica que este n\u00famero pode ser ainda maior. Algumas capitais brasileiras j\u00e1 entraram em estado de calamidade p\u00fablica, como \u00e9 o caso de Manaus (AM), cidade no cora\u00e7\u00e3o da nossa Amaz\u00f4nia, em que, na aus\u00eancia de covas suficientes para enterrar as v\u00edtimas, vemos a cena desoladora de dezenas de caix\u00f5es empilhados.<\/em><\/p>\n<p><em>N\u00e3o bastasse o v\u00edrus, o presidente brasileiro se comporta como um mal t\u00e3o nocivo quanto. Militar, Bolsonaro j\u00e1 havia declarado, ao longo de sua carreira como deputado, que era favor\u00e1vel a um retorno da ditadura no Brasil. Agora, enquanto chefe de Estado da nossa democracia, ele incita manifesta\u00e7\u00f5es de apoio \u00e0 interven\u00e7\u00e3o militar. No dia 19\/04, Bolsonaro discursou para manifestantes que pediam um novo AI-5 (Ato Institucional n\u00ba5, decretado em 1968 pelo governo militar, que fechava o Congresso Nacional, cassava mandatos, proibia habeas corpus para presos pol\u00edticos etc).<\/em><\/p>\n<p><em>Para al\u00e9m das amea\u00e7as ao regime democr\u00e1tico, o presidente \u00e9 um fabricante de crises pol\u00edticas. Irritado com seu ent\u00e3o Ministro da Sa\u00fade, Henrique Mandetta, simplesmente por este seguir as orienta\u00e7\u00f5es da OMS, Bolsonaro decidiu substitu\u00ed-lo por um m\u00e9dico sem qualquer experi\u00eancia na gest\u00e3o p\u00fablica e que, at\u00e9 agora, tem se demonstrado nulo no cargo.<\/em><\/p>\n<p><em>Na \u00faltima sexta (24\/04), foi a vez do Ministro da Justi\u00e7a, S\u00e9rgio Moro, pedir demiss\u00e3o do cargo acusando Bolsonaro de querer intervir ilegalmente nas atividades da Pol\u00edcia Federal. Isso ocorre em um contexto em que os filhos do presidente s\u00e3o alvos de diferentes investiga\u00e7\u00f5es, seja por envolvimento com mil\u00edcias, desvios de verba em gabinetes ou uso de dinheiro il\u00edcito para criar \u201cfakenews\u201d na internet.<\/em><\/p>\n<p><em>Por todo este quadro, n\u00f3s, do Partido Democr\u00e1tico Trabalhista, entendemos que se tornou inaceit\u00e1vel a continuidade de Bolsonaro no cargo m\u00e1ximo da Rep\u00fablica Federativa do Brasil. Na \u00faltima quarta (22\/04), entregamos ao Congresso um pedido de impedimento do presidente, com base em todos os pontos aqui explanados. H\u00e1 diferentes crimes de responsabilidade que podem ser atribu\u00eddos a Bolsonaro: amea\u00e7a \u00e0 democracia, crime contra a sa\u00fade p\u00fablica, e, agora, interfer\u00eancia indevida para benef\u00edcio pr\u00f3prio.<\/em><\/p>\n<p><em>Cientes da gravidade do momento, n\u00e3o s\u00f3 no Brasil como em todo o mundo, n\u00f3s do PDT estamos \u00e0 disposi\u00e7\u00e3o para esclarecer aos companheiros e companheiras da IS toda e qualquer informa\u00e7\u00e3o a respeito da crise em nosso pa\u00eds. Contamos com voc\u00eas para denunciar ao mundo o perigo que o Brasil vive nas m\u00e3os de um radical irrespons\u00e1vel. Aqui, seguiremos na luta para proteger o nosso povo e enfrentar os efeitos nefastos da pandemia e do retrocesso pol\u00edtico.<\/em><\/p>\n<p><em>\u00a0<\/em><\/p>\n<p style=\"text-align: center;\"><strong><em>Cordialmente,<\/em><\/strong><\/p>\n<p style=\"text-align: center;\"><strong><em>Carlos Roberto Lupi<\/em><\/strong><\/p>\n<p style=\"text-align: center;\"><strong><em>Presidente Nacional do PDT<\/em><\/strong><\/p>\n<!-- AddThis Advanced Settings generic via filter on the_content --><!-- AddThis Share Buttons generic via filter on the_content -->","protected":false},"excerpt":{"rendered":"<p>A Internacional Socialista (IS) pediu informa\u00e7\u00f5es sobre a situa\u00e7\u00e3o pol\u00edtica e sanit\u00e1ria no Brasil ao presidente do PDT (\u00fanico partido brasileiro integrante da organiza\u00e7\u00e3o), Carlos Lupi, na \u00faltima semana. O pedido \u00e9 um reflexo da uni\u00e3o de duas crises no pa\u00eds: a do Covid-19 e a do governo Bolsonaro, sendo a primeira seriamente agravada pela&#8230;<!-- AddThis Advanced Settings generic via filter on wp_trim_excerpt --><!-- AddThis Share Buttons generic via filter on wp_trim_excerpt --><\/p>\n","protected":false},"author":17,"featured_media":44230,"comment_status":"closed","ping_status":"closed","sticky":false,"template":"","format":"standard","meta":{"_monsterinsights_skip_tracking":false,"_monsterinsights_sitenote_active":false,"_monsterinsights_sitenote_note":"","_monsterinsights_sitenote_category":0,"_uf_show_specific_survey":0,"_uf_disable_surveys":false,"footnotes":""},"categories":[1390,3030],"tags":[],"class_list":["post-70831","post","type-post","status-publish","format-standard","has-post-thumbnail","hentry","category-editorias","category-internacional"],"acf":[],"_links":{"self":[{"href":"https:\/\/pdt-rj.org.br\/index.php\/wp-json\/wp\/v2\/posts\/70831","targetHints":{"allow":["GET"]}}],"collection":[{"href":"https:\/\/pdt-rj.org.br\/index.php\/wp-json\/wp\/v2\/posts"}],"about":[{"href":"https:\/\/pdt-rj.org.br\/index.php\/wp-json\/wp\/v2\/types\/post"}],"author":[{"embeddable":true,"href":"https:\/\/pdt-rj.org.br\/index.php\/wp-json\/wp\/v2\/users\/17"}],"replies":[{"embeddable":true,"href":"https:\/\/pdt-rj.org.br\/index.php\/wp-json\/wp\/v2\/comments?post=70831"}],"version-history":[{"count":5,"href":"https:\/\/pdt-rj.org.br\/index.php\/wp-json\/wp\/v2\/posts\/70831\/revisions"}],"predecessor-version":[{"id":70950,"href":"https:\/\/pdt-rj.org.br\/index.php\/wp-json\/wp\/v2\/posts\/70831\/revisions\/70950"}],"wp:featuredmedia":[{"embeddable":true,"href":"https:\/\/pdt-rj.org.br\/index.php\/wp-json\/wp\/v2\/media\/44230"}],"wp:attachment":[{"href":"https:\/\/pdt-rj.org.br\/index.php\/wp-json\/wp\/v2\/media?parent=70831"}],"wp:term":[{"taxonomy":"category","embeddable":true,"href":"https:\/\/pdt-rj.org.br\/index.php\/wp-json\/wp\/v2\/categories?post=70831"},{"taxonomy":"post_tag","embeddable":true,"href":"https:\/\/pdt-rj.org.br\/index.php\/wp-json\/wp\/v2\/tags?post=70831"}],"curies":[{"name":"wp","href":"https:\/\/api.w.org\/{rel}","templated":true}]}}