{"id":70819,"date":"2020-04-28T12:15:41","date_gmt":"2020-04-28T15:15:41","guid":{"rendered":"http:\/\/pdt-rj.org.br\/?p=70819"},"modified":"2020-05-01T20:18:41","modified_gmt":"2020-05-01T23:18:41","slug":"pedetistas-e-deputados-da-oposicao-apoiam-cpi-sobre-denuncias-de-moro","status":"publish","type":"post","link":"https:\/\/pdt-rj.org.br\/index.php\/pedetistas-e-deputados-da-oposicao-apoiam-cpi-sobre-denuncias-de-moro\/","title":{"rendered":"Pedetistas e deputados da oposi\u00e7\u00e3o apoiam CPI sobre den\u00fancias de Moro"},"content":{"rendered":"<p>Em sess\u00e3o virtual dessa segunda-feira (27) deputados da oposi\u00e7\u00e3o cobraram provid\u00eancias do Poder Legislativo e anunciaram a cria\u00e7\u00e3o de uma comiss\u00e3o parlamentar de inqu\u00e9rito (CPI), para apurar as den\u00fancias do ex-ministro da Justi\u00e7a, S\u00e9rgio Moro.<\/p>\n<p>O l\u00edder do PDT, deputado federal Wolney Queiroz (PDT-PE), afirma que os acontecimentos da semana passada demonstram que o Pal\u00e1cio do Planalto est\u00e1 descolado da realidade do resto do Pa\u00eds, que lida com o combate ao coronav\u00edrus. \u201cEnquanto ministro e presidente se digladiam, as pessoas morrem, a sa\u00fade nos estados est\u00e1 colapsada, e os recursos n\u00e3o chegam para as pessoas ou para as empresas. O Brasil oficial n\u00e3o quer saber do Brasil real\u201d, criticou.<\/p>\n<p>Para o l\u00edder da oposi\u00e7\u00e3o, deputado federal Andr\u00e9 Figueiredo (PDT-CE), o Parlamento precisa cobrar responsabilidade do presidente da Rep\u00fablica. \u201cO ex-ministro Moro revela claramente as press\u00f5es a que estava submetido, porque as investiga\u00e7\u00f5es est\u00e3o chegando aos filhos do presidente e aos aliados do presidente. \u00c9 inimagin\u00e1vel o momento politico em que vivemos e n\u00e3o podemos ficar silentes\u201d, afirmou.<\/p>\n<p>J\u00e1 a l\u00edder do PCdoB, deputada federal Perp\u00e9tua Almeida (PCdoB-AC), afirmou que est\u00e1 colhendo assinaturas para que a (CPI) seja instalada. \u201c\u00c9 imposs\u00edvel o Parlamento assistir, sem fazer nada, \u00e0s den\u00fancias contra Bolsonaro, de que o presidente tira chefes da Pol\u00edcia Federal que n\u00e3o est\u00e3o fazendo o que ele quer. \u00c9 preciso investigar\u201d, declarou.<\/p>\n<p>O deputado Bira do Pindar\u00e9 (PSB-MA) disse que o PSB est\u00e1 trabalhando em um novo pedido de impeachment. \u201cN\u00e3o \u00e9 momento de omiss\u00e3o, \u00e9 momento de debate e de decis\u00e3o\u201d, refor\u00e7ou.<\/p>\n<p>A l\u00edder do Psol, deputada Fernanda Melchionna (Psol-RS), ressaltou que a crise pol\u00edtica criada pelo presidente da Rep\u00fablica coincide com a maior crise sanit\u00e1ria da nossa gera\u00e7\u00e3o. \u201cBolsonaro \u00e9 um elemento de instabilidade, agora se junta a Roberto Jefferson e Valdemar Costa Neto [condenados pelo mensal\u00e3o] negociando cargos para uma base alugada na C\u00e2mara. E ainda temos a comprova\u00e7\u00e3o da interfer\u00eancia na Pol\u00edcia Federal para proteger a fam\u00edlia\u201d, disse.<\/p>\n<p>O l\u00edder da Minoria, deputado Jos\u00e9 Guimar\u00e3es (PT-CE), tamb\u00e9m ressaltou que a crise pol\u00edtica tira o foco do combate \u00e0 pandemia. Ele afirmou que qualquer discuss\u00e3o de impeachment precisa ser bem analisada. \u201cN\u00e3o se faz impeachment sem saber o in\u00edcio, o meio e o final\u201d, declarou.<\/p>\n<p>Guimar\u00e3es cobrou a volta dos trabalhos da CPI das Fake News para averiguar a rede de divulga\u00e7\u00e3o de not\u00edcias falsas que minam a estabilidade democr\u00e1tica.<\/p>\n<p>Um dos poucos parlamentares n\u00e3o alinhados \u00e0 oposi\u00e7\u00e3o a se pronunciar sobre o assunto, o deputado federal Daniel Coelho (Cidadania-PE) cobrou \u201cesclarecimentos de todas as den\u00fancias que foram feitas\u201d.\u200b<\/p>\n<!-- AddThis Advanced Settings generic via filter on the_content --><!-- AddThis Share Buttons generic via filter on the_content -->","protected":false},"excerpt":{"rendered":"<p>Em sess\u00e3o virtual dessa segunda-feira (27) deputados da oposi\u00e7\u00e3o cobraram provid\u00eancias do Poder Legislativo e anunciaram a cria\u00e7\u00e3o de uma comiss\u00e3o parlamentar de inqu\u00e9rito (CPI), para apurar as den\u00fancias do ex-ministro da Justi\u00e7a, S\u00e9rgio Moro. O l\u00edder do PDT, deputado federal Wolney Queiroz (PDT-PE), afirma que os acontecimentos da semana passada demonstram que o Pal\u00e1cio&#8230;<!-- AddThis Advanced Settings generic via filter on wp_trim_excerpt --><!-- AddThis Share Buttons generic via filter on wp_trim_excerpt --><\/p>\n","protected":false},"author":17,"featured_media":70824,"comment_status":"closed","ping_status":"closed","sticky":false,"template":"","format":"standard","meta":{"_monsterinsights_skip_tracking":false,"_monsterinsights_sitenote_active":false,"_monsterinsights_sitenote_note":"","_monsterinsights_sitenote_category":0,"_uf_show_specific_survey":0,"_uf_disable_surveys":false,"footnotes":""},"categories":[1390],"tags":[34,3503,2878,3502,964],"class_list":["post-70819","post","type-post","status-publish","format-standard","has-post-thumbnail","hentry","category-editorias","tag-andre-figueiredo","tag-cpi-das-fake-news","tag-fake-news","tag-lider-da-oposicao","tag-wolney-queiroz"],"acf":[],"_links":{"self":[{"href":"https:\/\/pdt-rj.org.br\/index.php\/wp-json\/wp\/v2\/posts\/70819","targetHints":{"allow":["GET"]}}],"collection":[{"href":"https:\/\/pdt-rj.org.br\/index.php\/wp-json\/wp\/v2\/posts"}],"about":[{"href":"https:\/\/pdt-rj.org.br\/index.php\/wp-json\/wp\/v2\/types\/post"}],"author":[{"embeddable":true,"href":"https:\/\/pdt-rj.org.br\/index.php\/wp-json\/wp\/v2\/users\/17"}],"replies":[{"embeddable":true,"href":"https:\/\/pdt-rj.org.br\/index.php\/wp-json\/wp\/v2\/comments?post=70819"}],"version-history":[{"count":3,"href":"https:\/\/pdt-rj.org.br\/index.php\/wp-json\/wp\/v2\/posts\/70819\/revisions"}],"predecessor-version":[{"id":70948,"href":"https:\/\/pdt-rj.org.br\/index.php\/wp-json\/wp\/v2\/posts\/70819\/revisions\/70948"}],"wp:featuredmedia":[{"embeddable":true,"href":"https:\/\/pdt-rj.org.br\/index.php\/wp-json\/wp\/v2\/media\/70824"}],"wp:attachment":[{"href":"https:\/\/pdt-rj.org.br\/index.php\/wp-json\/wp\/v2\/media?parent=70819"}],"wp:term":[{"taxonomy":"category","embeddable":true,"href":"https:\/\/pdt-rj.org.br\/index.php\/wp-json\/wp\/v2\/categories?post=70819"},{"taxonomy":"post_tag","embeddable":true,"href":"https:\/\/pdt-rj.org.br\/index.php\/wp-json\/wp\/v2\/tags?post=70819"}],"curies":[{"name":"wp","href":"https:\/\/api.w.org\/{rel}","templated":true}]}}