{"id":70813,"date":"2020-04-28T11:27:19","date_gmt":"2020-04-28T14:27:19","guid":{"rendered":"http:\/\/pdt-rj.org.br\/?p=70813"},"modified":"2020-04-29T15:14:59","modified_gmt":"2020-04-29T18:14:59","slug":"pdt-entra-com-acao-no-stf-contra-posse-de-ramagem-na-pf","status":"publish","type":"post","link":"https:\/\/pdt-rj.org.br\/index.php\/pdt-entra-com-acao-no-stf-contra-posse-de-ramagem-na-pf\/","title":{"rendered":"PDT entra com a\u00e7\u00e3o no STF contra posse de Ramagem na PF"},"content":{"rendered":"<p><em>Partido alega desvio de finalidade na indica\u00e7\u00e3o e diz que Bolsonaro quer proteger ele e a fam\u00edlia de investiga\u00e7\u00f5es<\/em><\/p>\n<p>O PDT apresentou um mandado de seguran\u00e7a no Supremo Tribunal Federal (STF), nesta ter\u00e7a-feira (26), para impedir a posse do delegado Alexandre Ramagem como diretor-geral da Pol\u00edcia Federal. O partido alega desvio de finalidade na nomea\u00e7\u00e3o dele pelo presidente Jair Bolsonaro.<\/p>\n<p>Na a\u00e7\u00e3o, o PDT afirma que a inten\u00e7\u00e3o do chefe do Executivo \u00e9 interferir na PF para proteger a ele mesmo e a familiares que estariam no alvo de investiga\u00e7\u00f5es em andamento. &#8220;A vontade pessoal contida no ato, \u00e9 de, atrav\u00e9s da pessoa do Litisconsorte (Ramagem), imiscuir-se na atua\u00e7\u00e3o ordin\u00e1ria da Pol\u00edcia Federal, sobremodo, a do exerc\u00edcio exclusivo de fun\u00e7\u00e3o de pol\u00edcia judici\u00e1ria da Uni\u00e3o, perante esta Corte, inclusive. Pretendendo-se, ao fim, o aparelhamento particular \u2013 mais do que pol\u00edtico, portanto \u2013 de \u00f3rg\u00e3o qualificado pela lei como de Estado&#8221;, diz um trecho do mandado de seguran\u00e7a apresentado pelo partido.<\/p>\n<p>Ramagem \u00e9 pr\u00f3ximo da fam\u00edlia Bolsonaro e amigo pessoal do vereador Carlos Bolsonaro, filho do presidente. Ao deixar o cargo de ministro da Justi\u00e7a, Sergio Moro afirmou que o presidente tentou obter acesso a relat\u00f3rios de intelig\u00eancia e assumiu que tinha inten\u00e7\u00f5es pol\u00edticas ao trocar o comando da PF. As den\u00fancias s\u00e3o alvo de um inqu\u00e9rito aberto no Supremo contra Bolsonaro.<\/p>\n<p>Uma outra a\u00e7\u00e3o, movida pelo deputado Marcelo Freixo (Psol-RJ), tamb\u00e9m pede que a posse de Ramagem seja suspensa. Na C\u00e2mara, o Psol protocolou um requerimento para que o novo ministro da Justi\u00e7a, Andr\u00e9 Mendon\u00e7a, explique como ser\u00e1 sua atua\u00e7\u00e3o no cargo.<\/p>\n<p>&nbsp;<\/p>\n<p>Confira o mandado de seguran\u00e7a &#8211;\u00a0<a href=\"http:\/\/pdt-rj.org.br\/wp-content\/uploads\/2020\/04\/MS-Inicial.pdf\">MS-Inicial<\/a><\/p>\n<!-- AddThis Advanced Settings generic via filter on the_content --><!-- AddThis Share Buttons generic via filter on the_content -->","protected":false},"excerpt":{"rendered":"<p>Partido alega desvio de finalidade na indica\u00e7\u00e3o e diz que Bolsonaro quer proteger ele e a fam\u00edlia de investiga\u00e7\u00f5es O PDT apresentou um mandado de seguran\u00e7a no Supremo Tribunal Federal (STF), nesta ter\u00e7a-feira (26), para impedir a posse do delegado Alexandre Ramagem como diretor-geral da Pol\u00edcia Federal. O partido alega desvio de finalidade na nomea\u00e7\u00e3o&#8230;<!-- AddThis Advanced Settings generic via filter on wp_trim_excerpt --><!-- AddThis Share Buttons generic via filter on wp_trim_excerpt --><\/p>\n","protected":false},"author":17,"featured_media":70814,"comment_status":"closed","ping_status":"closed","sticky":false,"template":"","format":"standard","meta":{"_monsterinsights_skip_tracking":false,"_monsterinsights_sitenote_active":false,"_monsterinsights_sitenote_note":"","_monsterinsights_sitenote_category":0,"_uf_show_specific_survey":0,"_uf_disable_surveys":false,"footnotes":""},"categories":[1390,1401],"tags":[739],"class_list":["post-70813","post","type-post","status-publish","format-standard","has-post-thumbnail","hentry","category-editorias","category-nacional","tag-policia-federal"],"acf":[],"_links":{"self":[{"href":"https:\/\/pdt-rj.org.br\/index.php\/wp-json\/wp\/v2\/posts\/70813","targetHints":{"allow":["GET"]}}],"collection":[{"href":"https:\/\/pdt-rj.org.br\/index.php\/wp-json\/wp\/v2\/posts"}],"about":[{"href":"https:\/\/pdt-rj.org.br\/index.php\/wp-json\/wp\/v2\/types\/post"}],"author":[{"embeddable":true,"href":"https:\/\/pdt-rj.org.br\/index.php\/wp-json\/wp\/v2\/users\/17"}],"replies":[{"embeddable":true,"href":"https:\/\/pdt-rj.org.br\/index.php\/wp-json\/wp\/v2\/comments?post=70813"}],"version-history":[{"count":5,"href":"https:\/\/pdt-rj.org.br\/index.php\/wp-json\/wp\/v2\/posts\/70813\/revisions"}],"predecessor-version":[{"id":70907,"href":"https:\/\/pdt-rj.org.br\/index.php\/wp-json\/wp\/v2\/posts\/70813\/revisions\/70907"}],"wp:featuredmedia":[{"embeddable":true,"href":"https:\/\/pdt-rj.org.br\/index.php\/wp-json\/wp\/v2\/media\/70814"}],"wp:attachment":[{"href":"https:\/\/pdt-rj.org.br\/index.php\/wp-json\/wp\/v2\/media?parent=70813"}],"wp:term":[{"taxonomy":"category","embeddable":true,"href":"https:\/\/pdt-rj.org.br\/index.php\/wp-json\/wp\/v2\/categories?post=70813"},{"taxonomy":"post_tag","embeddable":true,"href":"https:\/\/pdt-rj.org.br\/index.php\/wp-json\/wp\/v2\/tags?post=70813"}],"curies":[{"name":"wp","href":"https:\/\/api.w.org\/{rel}","templated":true}]}}