{"id":70725,"date":"2020-04-28T11:01:31","date_gmt":"2020-04-28T14:01:31","guid":{"rendered":"http:\/\/pdt-rj.org.br\/?p=70725"},"modified":"2020-04-28T19:39:04","modified_gmt":"2020-04-28T22:39:04","slug":"em-tempos-de-pandemia-flb-ap-define-novas-estrategias-de-trabalho-por-videoconferencia","status":"publish","type":"post","link":"https:\/\/pdt-rj.org.br\/index.php\/em-tempos-de-pandemia-flb-ap-define-novas-estrategias-de-trabalho-por-videoconferencia\/","title":{"rendered":"Em tempos de pandemia, FLB-AP define novas estrat\u00e9gias de trabalho por videoconfer\u00eancia"},"content":{"rendered":"<p>A Funda\u00e7\u00e3o Leonel Brizola Alberto Pasqualini (FLB-AP) realizou, na \u00faltima quinta-feira (23), reuni\u00e3o por videoconfer\u00eancia, coordenada pelo presidente da FLB-AP, Manoel Dias, para tratar das pr\u00f3ximas a\u00e7\u00f5es de estrutura\u00e7\u00e3o e organiza\u00e7\u00e3o da Funda\u00e7\u00e3o em todo Brasil baseado no cronograma do \u00faltimo semin\u00e1rio de planejamento estrat\u00e9gico.<\/p>\n<p>Entre as atividades discutidas e avaliadas est\u00e3o a finaliza\u00e7\u00e3o da Cartilha das Elei\u00e7\u00f5es 2020, que direciona os candidatos quanto ao direito e propaganda eleitoral, impulsionar a campanha de divulga\u00e7\u00e3o dos v\u00e1rios cursos que a Universidade Leonel Brizola (ULB) oferece para candidatos, militantes do partido e popula\u00e7\u00e3o em geral, incluindo as aulas preparat\u00f3rias para o Exame Nacional do Ensino M\u00e9dio (ENEM).<\/p>\n<p>Em reuni\u00e3o, foi decidido ainda, a realiza\u00e7\u00e3o de lives entre os coordenadores e vice-presidentes da Funda\u00e7\u00e3o em todo Brasil para implementar planos estrat\u00e9gicos de fortalecimento e consolida\u00e7\u00e3o da FLB-AP nos estados.<\/p>\n<p>Na ocasi\u00e3o, tamb\u00e9m foi discutido a cria\u00e7\u00e3o de novos n\u00facleos de bases, &#8211; hoje s\u00e3o 2 mil funcionando no Brasil \u2013, a principal ferramenta de apoio na forma\u00e7\u00e3o pol\u00edtica e crescimento consolidado do PDT no Pa\u00eds, al\u00e9m da implanta\u00e7\u00e3o da r\u00e1dio Legalidade que est\u00e1 sendo produzida em formato de podcasts nas principais plataformas digitais.<\/p>\n<p>Em uma de suas falas, Manoel Dias afirmou o compromisso e a necessidade dos n\u00facleos de base para o Brasil. &#8220;Vamos criar grupos para discutir os principais eixos do plano de desenvolvimento econ\u00f4mico. O sucesso do plano passa pela realiza\u00e7\u00e3o das reformas estruturais&#8221;.<\/p>\n<p>Tamb\u00e9m foi apresentado os trabalhos que o Centro de Mem\u00f3ria Trabalhista (CMT) tem realizado nas redes sociais e na elabora\u00e7\u00e3o de projetos voltados aos 40 anos do PDT.<\/p>\n<p>O secret\u00e1rio-executivo adjunto, Ades Oliveira, ressalta que, mesmo em quarentena, os trabalhos ir\u00e3o continuar. &#8220;Mesmo com a pandemia, nossos trabalhos n\u00e3o est\u00e3o parados. N\u00f3s da Funda\u00e7\u00e3o e da ULB vamos continuar ao nosso trabalho que \u00e9 de extrema import\u00e2ncia para a forma\u00e7\u00e3o pol\u00edtica da popula\u00e7\u00e3o brasileira&#8221;.<\/p>\n<p>&nbsp;<\/p>\n<!-- AddThis Advanced Settings generic via filter on the_content --><!-- AddThis Share Buttons generic via filter on the_content -->","protected":false},"excerpt":{"rendered":"<p>A Funda\u00e7\u00e3o Leonel Brizola Alberto Pasqualini (FLB-AP) realizou, na \u00faltima quinta-feira (23), reuni\u00e3o por videoconfer\u00eancia, coordenada pelo presidente da FLB-AP, Manoel Dias, para tratar das pr\u00f3ximas a\u00e7\u00f5es de estrutura\u00e7\u00e3o e organiza\u00e7\u00e3o da Funda\u00e7\u00e3o em todo Brasil baseado no cronograma do \u00faltimo semin\u00e1rio de planejamento estrat\u00e9gico. Entre as atividades discutidas e avaliadas est\u00e3o a finaliza\u00e7\u00e3o da&#8230;<!-- AddThis Advanced Settings generic via filter on wp_trim_excerpt --><!-- AddThis Share Buttons generic via filter on wp_trim_excerpt --><\/p>\n","protected":false},"author":17,"featured_media":70778,"comment_status":"closed","ping_status":"closed","sticky":false,"template":"","format":"standard","meta":{"_monsterinsights_skip_tracking":false,"_monsterinsights_sitenote_active":false,"_monsterinsights_sitenote_note":"","_monsterinsights_sitenote_category":0,"_uf_show_specific_survey":0,"_uf_disable_surveys":false,"footnotes":""},"categories":[1390,3328],"tags":[3140,1594,415,426,591,2394,3378,931],"class_list":["post-70725","post","type-post","status-publish","format-standard","has-post-thumbnail","hentry","category-editorias","category-flb-ap","tag-centro-de-memoria-trabalhista","tag-enem","tag-formacao-politica","tag-fundacao-leonel-brizola-alberto-pasqualini","tag-manoel-dias","tag-nucleos-de-base","tag-pandemia","tag-ulb"],"acf":[],"_links":{"self":[{"href":"https:\/\/pdt-rj.org.br\/index.php\/wp-json\/wp\/v2\/posts\/70725","targetHints":{"allow":["GET"]}}],"collection":[{"href":"https:\/\/pdt-rj.org.br\/index.php\/wp-json\/wp\/v2\/posts"}],"about":[{"href":"https:\/\/pdt-rj.org.br\/index.php\/wp-json\/wp\/v2\/types\/post"}],"author":[{"embeddable":true,"href":"https:\/\/pdt-rj.org.br\/index.php\/wp-json\/wp\/v2\/users\/17"}],"replies":[{"embeddable":true,"href":"https:\/\/pdt-rj.org.br\/index.php\/wp-json\/wp\/v2\/comments?post=70725"}],"version-history":[{"count":20,"href":"https:\/\/pdt-rj.org.br\/index.php\/wp-json\/wp\/v2\/posts\/70725\/revisions"}],"predecessor-version":[{"id":70844,"href":"https:\/\/pdt-rj.org.br\/index.php\/wp-json\/wp\/v2\/posts\/70725\/revisions\/70844"}],"wp:featuredmedia":[{"embeddable":true,"href":"https:\/\/pdt-rj.org.br\/index.php\/wp-json\/wp\/v2\/media\/70778"}],"wp:attachment":[{"href":"https:\/\/pdt-rj.org.br\/index.php\/wp-json\/wp\/v2\/media?parent=70725"}],"wp:term":[{"taxonomy":"category","embeddable":true,"href":"https:\/\/pdt-rj.org.br\/index.php\/wp-json\/wp\/v2\/categories?post=70725"},{"taxonomy":"post_tag","embeddable":true,"href":"https:\/\/pdt-rj.org.br\/index.php\/wp-json\/wp\/v2\/tags?post=70725"}],"curies":[{"name":"wp","href":"https:\/\/api.w.org\/{rel}","templated":true}]}}