{"id":70649,"date":"2020-04-22T18:10:41","date_gmt":"2020-04-22T21:10:41","guid":{"rendered":"http:\/\/pdt-rj.org.br\/?p=70649"},"modified":"2020-05-01T20:24:28","modified_gmt":"2020-05-01T23:24:28","slug":"governada-pelo-pdt-niteroi-se-tornou-referencia-na-preparacao-contra-a-covid-19","status":"publish","type":"post","link":"https:\/\/pdt-rj.org.br\/index.php\/governada-pelo-pdt-niteroi-se-tornou-referencia-na-preparacao-contra-a-covid-19\/","title":{"rendered":"Governada pelo PDT, Niter\u00f3i se tornou refer\u00eancia na prepara\u00e7\u00e3o contra a Covid-19"},"content":{"rendered":"<p>No final de janeiro deste ano, quando a China anunciou o isolamento total da cidade de Wuhan, devido a epidemia causada pelo Coronav\u00edrus (Covid-19), para a grande maioria dos brasileiros, as imagens de avenidas desertas e com\u00e9rcios fechados ainda pareciam um problema distante. No entanto, na mesma semana, a Prefeitura de Niter\u00f3i, no Rio de Janeiro, governada por Rodrigo Neves (PDT-RJ), criou um grupo de resposta r\u00e1pida para acompanhar e planejar como a cidade deveria reagir se o v\u00edrus chegasse at\u00e9 l\u00e1.<\/p>\n<p>Esse grupo, vinculado \u00e0 Secretaria Municipal de Sa\u00fade, come\u00e7ou a compilar publica\u00e7\u00f5es acad\u00eamicas sobre a infec\u00e7\u00e3o, desenvolver um plano de conting\u00eancia para reagir \u00e0 eventual contamina\u00e7\u00e3o de seus moradores e treinar servidores da \u00e1rea de sa\u00fade. Era uma iniciativa de precau\u00e7\u00e3o, mas que acabou abrindo caminho para a cidade se destacar na ado\u00e7\u00e3o de pol\u00edticas p\u00fablicas antecipadas para lidar com a pandemia.<\/p>\n<p>At\u00e9 ent\u00e3o, j\u00e1 foram implantadas 43 medidas contra a doen\u00e7a e para mitigar os impactos econ\u00f4micos e sociais da pandemia, como o arrendamento de um hospital privado para utiliz\u00e1-lo para atender infectados com a Covid-19, com 140 leitos. Tamb\u00e9m j\u00e1 est\u00e3o sendo utilizados 50 mil kits de testagem r\u00e1pida em casos suspeitos e em profissionais de sa\u00fade. Tivemos tamb\u00e9m a distribui\u00e7\u00e3o de 32 mil cestas b\u00e1sicas para as fam\u00edlias dos alunos da rede p\u00fablica e 82 mil kits de higiene e limpeza para o p\u00fablico atendido pelo M\u00e9dico de Fam\u00edlia.<\/p>\n<p>Al\u00e9m disso, foi implantado o programa Renda B\u00e1sica Tempor\u00e1ria, que dar\u00e1 um aux\u00edlio de R$ 500 por tr\u00eas meses a cerca de 35 mil fam\u00edlias inclu\u00eddas no Cadastro \u00danico de Programas Sociais do Governo Federal em Niter\u00f3i, e o Programa Busca ativa, que fornece o mesmo benef\u00edcio para vendedores ambulantes, trabalhadores da economia solid\u00e1ria, artes\u00e3os e catadores de materiais recicl\u00e1veis. Os microempreendedores n\u00e3o foram esquecidos e 7 mil que est\u00e3o cadastrados tamb\u00e9m receber\u00e3o o valor de R$ 500 por tr\u00eas meses.<\/p>\n<p>Para proteger o emprego e a renda na cidade, tivemos a implanta\u00e7\u00e3o dos programas Empresa Cidad\u00e3, que pagar\u00e1 um sal\u00e1rio m\u00ednimo, pelos pr\u00f3ximos tr\u00eas meses para at\u00e9 nove empregados de empresas, entidades religiosas e organiza\u00e7\u00f5es sindicais com alvar\u00e1 na cidade, e que tenham at\u00e9 19 funcion\u00e1rios. Como contrapartida, as empresas se comprometer\u00e3o a n\u00e3o reduzir seu n\u00famero de funcion\u00e1rios por seis meses.<\/p>\n<p>Outra iniciativa nessa \u00e1rea \u00e9 o Fundo Niter\u00f3i Supera, uma linha de cr\u00e9dito de R$ 150 milh\u00f5es oferecida por institui\u00e7\u00f5es financeiras com juros pagos pela Prefeitura de Niter\u00f3i para que pequenas empresas, profissionais liberais e cooperativas tenham capital de giro durante o per\u00edodo da pandemia. Os empr\u00e9stimos poder\u00e3o variar de R$ 25 a R$ 250 mil, com car\u00eancia de seis meses e pagamento em at\u00e9 36 vezes.<\/p>\n<p>Niter\u00f3i mostra com essas a\u00e7\u00f5es que n\u00e3o h\u00e1 contradi\u00e7\u00e3o entre salvar vidas e salvar a economia.<\/p>\n<!-- AddThis Advanced Settings generic via filter on the_content --><!-- AddThis Share Buttons generic via filter on the_content -->","protected":false},"excerpt":{"rendered":"<p>No final de janeiro deste ano, quando a China anunciou o isolamento total da cidade de Wuhan, devido a epidemia causada pelo Coronav\u00edrus (Covid-19), para a grande maioria dos brasileiros, as imagens de avenidas desertas e com\u00e9rcios fechados ainda pareciam um problema distante. No entanto, na mesma semana, a Prefeitura de Niter\u00f3i, no Rio de&#8230;<!-- AddThis Advanced Settings generic via filter on wp_trim_excerpt --><!-- AddThis Share Buttons generic via filter on wp_trim_excerpt --><\/p>\n","protected":false},"author":17,"featured_media":70650,"comment_status":"closed","ping_status":"closed","sticky":false,"template":"","format":"standard","meta":{"_monsterinsights_skip_tracking":false,"_monsterinsights_sitenote_active":false,"_monsterinsights_sitenote_note":"","_monsterinsights_sitenote_category":0,"_uf_show_specific_survey":0,"_uf_disable_surveys":false,"footnotes":""},"categories":[1390],"tags":[3476,3316,3348,3474,2463,3378,3475,3169],"class_list":["post-70649","post","type-post","status-publish","format-standard","has-post-thumbnail","hentry","category-editorias","tag-cadastro-unico-de-programas-sociais-do-governo-federal-em-niteroi","tag-coronavirus","tag-covid-19","tag-fundo-niteroi-supera","tag-niteroi-rj","tag-pandemia","tag-renda-basica-temporaria","tag-rodrigo-neves"],"acf":[],"_links":{"self":[{"href":"https:\/\/pdt-rj.org.br\/index.php\/wp-json\/wp\/v2\/posts\/70649","targetHints":{"allow":["GET"]}}],"collection":[{"href":"https:\/\/pdt-rj.org.br\/index.php\/wp-json\/wp\/v2\/posts"}],"about":[{"href":"https:\/\/pdt-rj.org.br\/index.php\/wp-json\/wp\/v2\/types\/post"}],"author":[{"embeddable":true,"href":"https:\/\/pdt-rj.org.br\/index.php\/wp-json\/wp\/v2\/users\/17"}],"replies":[{"embeddable":true,"href":"https:\/\/pdt-rj.org.br\/index.php\/wp-json\/wp\/v2\/comments?post=70649"}],"version-history":[{"count":5,"href":"https:\/\/pdt-rj.org.br\/index.php\/wp-json\/wp\/v2\/posts\/70649\/revisions"}],"predecessor-version":[{"id":70977,"href":"https:\/\/pdt-rj.org.br\/index.php\/wp-json\/wp\/v2\/posts\/70649\/revisions\/70977"}],"wp:featuredmedia":[{"embeddable":true,"href":"https:\/\/pdt-rj.org.br\/index.php\/wp-json\/wp\/v2\/media\/70650"}],"wp:attachment":[{"href":"https:\/\/pdt-rj.org.br\/index.php\/wp-json\/wp\/v2\/media?parent=70649"}],"wp:term":[{"taxonomy":"category","embeddable":true,"href":"https:\/\/pdt-rj.org.br\/index.php\/wp-json\/wp\/v2\/categories?post=70649"},{"taxonomy":"post_tag","embeddable":true,"href":"https:\/\/pdt-rj.org.br\/index.php\/wp-json\/wp\/v2\/tags?post=70649"}],"curies":[{"name":"wp","href":"https:\/\/api.w.org\/{rel}","templated":true}]}}