{"id":70639,"date":"2020-04-22T13:29:21","date_gmt":"2020-04-22T16:29:21","guid":{"rendered":"http:\/\/pdt-rj.org.br\/?p=70639"},"modified":"2020-04-24T22:15:32","modified_gmt":"2020-04-25T01:15:32","slug":"pec-de-chico-dangelo-propoe-aposentadoria-especial-aos-profissionais-de-saude-infectados-pelo-coronavirus","status":"publish","type":"post","link":"https:\/\/pdt-rj.org.br\/index.php\/pec-de-chico-dangelo-propoe-aposentadoria-especial-aos-profissionais-de-saude-infectados-pelo-coronavirus\/","title":{"rendered":"PEC de Chico D\u2019angelo prop\u00f5e aposentadoria especial aos profissionais de Sa\u00fade infectados pelo coronav\u00edrus"},"content":{"rendered":"<p>Proteger quem est\u00e1 mais exposto e na linha de frente no combate ao Covid-19 no Brasil. Foi com esse intuito que o deputado federal Chico D\u2019Angelo (PDT-RJ) apresentou uma Proposta de Emenda \u00e0 Constitui\u00e7\u00e3o (PEC) para conceder aposentadoria especial aos profissionais de Sa\u00fade que se infectarem enquanto atuam contra a epidemia.<\/p>\n<p>Se aprovada, a PEC vai alterar a Emenda Constitucional 103 de 2019, reduzindo as idades m\u00ednimas para aposentadoria dos trabalhadores da \u00e1rea de Sa\u00fade infectados pelo COVID-19 em cinco anos.<\/p>\n<p>Dessa forma, a idade m\u00ednima do profissional de Sa\u00fade homem para a aposentadoria passaria de 61 para 55 anos \u2013 para os regidos pela Previd\u00eancia antiga \u2013, e de 62 para 57, de acordo com a nova. J\u00e1 para as mulheres, as mesmas mudan\u00e7as seriam promovidas, sendo de 56 para 51, na antiga, e de 57 para 52, na nova.<\/p>\n<p>Al\u00e9m disso, o primeiro artigo da PEC tamb\u00e9m prop\u00f5e diminuir a pontua\u00e7\u00e3o do segurado do regime geral de 86 at\u00e9 100 para 81 at\u00e9 95, se mulher, e de 96 ate 105, para 91 at\u00e9 100, no caso de homens.<\/p>\n<p>Confira o texto da PEC. <a href=\"http:\/\/pdt-rj.org.br\/wp-content\/uploads\/2020\/04\/CD208669655300.pdf.pdf\">CD208669655300.pdf<\/a><\/p>\n<!-- AddThis Advanced Settings generic via filter on the_content --><!-- AddThis Share Buttons generic via filter on the_content -->","protected":false},"excerpt":{"rendered":"<p>Proteger quem est\u00e1 mais exposto e na linha de frente no combate ao Covid-19 no Brasil. Foi com esse intuito que o deputado federal Chico D\u2019Angelo (PDT-RJ) apresentou uma Proposta de Emenda \u00e0 Constitui\u00e7\u00e3o (PEC) para conceder aposentadoria especial aos profissionais de Sa\u00fade que se infectarem enquanto atuam contra a epidemia. Se aprovada, a PEC&#8230;<!-- AddThis Advanced Settings generic via filter on wp_trim_excerpt --><!-- AddThis Share Buttons generic via filter on wp_trim_excerpt --><\/p>\n","protected":false},"author":17,"featured_media":70640,"comment_status":"closed","ping_status":"closed","sticky":false,"template":"","format":"standard","meta":{"_monsterinsights_skip_tracking":false,"_monsterinsights_sitenote_active":false,"_monsterinsights_sitenote_note":"","_monsterinsights_sitenote_category":0,"_uf_show_specific_survey":0,"_uf_disable_surveys":false,"footnotes":""},"categories":[1390,1459,1401],"tags":[],"class_list":["post-70639","post","type-post","status-publish","format-standard","has-post-thumbnail","hentry","category-editorias","category-congresso","category-nacional"],"acf":[],"_links":{"self":[{"href":"https:\/\/pdt-rj.org.br\/index.php\/wp-json\/wp\/v2\/posts\/70639","targetHints":{"allow":["GET"]}}],"collection":[{"href":"https:\/\/pdt-rj.org.br\/index.php\/wp-json\/wp\/v2\/posts"}],"about":[{"href":"https:\/\/pdt-rj.org.br\/index.php\/wp-json\/wp\/v2\/types\/post"}],"author":[{"embeddable":true,"href":"https:\/\/pdt-rj.org.br\/index.php\/wp-json\/wp\/v2\/users\/17"}],"replies":[{"embeddable":true,"href":"https:\/\/pdt-rj.org.br\/index.php\/wp-json\/wp\/v2\/comments?post=70639"}],"version-history":[{"count":9,"href":"https:\/\/pdt-rj.org.br\/index.php\/wp-json\/wp\/v2\/posts\/70639\/revisions"}],"predecessor-version":[{"id":70767,"href":"https:\/\/pdt-rj.org.br\/index.php\/wp-json\/wp\/v2\/posts\/70639\/revisions\/70767"}],"wp:featuredmedia":[{"embeddable":true,"href":"https:\/\/pdt-rj.org.br\/index.php\/wp-json\/wp\/v2\/media\/70640"}],"wp:attachment":[{"href":"https:\/\/pdt-rj.org.br\/index.php\/wp-json\/wp\/v2\/media?parent=70639"}],"wp:term":[{"taxonomy":"category","embeddable":true,"href":"https:\/\/pdt-rj.org.br\/index.php\/wp-json\/wp\/v2\/categories?post=70639"},{"taxonomy":"post_tag","embeddable":true,"href":"https:\/\/pdt-rj.org.br\/index.php\/wp-json\/wp\/v2\/tags?post=70639"}],"curies":[{"name":"wp","href":"https:\/\/api.w.org\/{rel}","templated":true}]}}