{"id":70631,"date":"2020-04-22T12:14:45","date_gmt":"2020-04-22T15:14:45","guid":{"rendered":"http:\/\/pdt-rj.org.br\/?p=70631"},"modified":"2020-04-22T12:16:27","modified_gmt":"2020-04-22T15:16:27","slug":"idilvan-alencar-ministro-da-educacao-nao-esta-ajudando-em-nada-sobre-o-enem","status":"publish","type":"post","link":"https:\/\/pdt-rj.org.br\/index.php\/idilvan-alencar-ministro-da-educacao-nao-esta-ajudando-em-nada-sobre-o-enem\/","title":{"rendered":"Idilvan Alencar: Ministro da Educa\u00e7\u00e3o \u201cn\u00e3o est\u00e1 ajudando em nada\u201d sobre o Enem"},"content":{"rendered":"<p>O deputado federal Idilvan Alencar (PDT-CE) criticou, nessa segunda-feira (20) o posicionamento do ministro da Educa\u00e7\u00e3o Abraham Weintraub em publica\u00e7\u00e3o nas redes sociais. No Twitter, Weintraub apoiou o atual calend\u00e1rio do Enem e acusou os governadores de promover uma quarentena \u201cgeneralizada e precipitada\u201d.<\/p>\n<p>Segundo o parlamentar, ainda n\u00e3o houve uma ajuda do Minist\u00e9rio da Educa\u00e7\u00e3o (MEC) para superar os impactos da crise sanit\u00e1ria na pasta. \u201cProfessores est\u00e3o trabalhando todo dia com aulas a dist\u00e2ncia para amenizar esses impactos. Os governadores (est\u00e3o trabalhando) dia e noite. J\u00e1 o ministro n\u00e3o para de ser agressivo e j\u00e1 at\u00e9 chamou estudantes para briga. Primeiro tem que ter educa\u00e7\u00e3o para estar nesta pasta. Ele que n\u00e3o est\u00e1 ajudando em nada\u201d afirma.<\/p>\n<p>Com rela\u00e7\u00e3o ao posicionamento do ministro de manter o Exame Nacional do Ensino M\u00e9dio (Enem) em meio a pandemia, Idilvan destaca que continuar\u00e1 com os esfor\u00e7os para adiar o processo em 2020. \u201cEle (Weintraub) fere o princ\u00edpio constitucional da isonomia. Na zona rural do Nordeste, s\u00f3 30% (dos estudantes) t\u00eam internet, ent\u00e3o ele t\u00e1 tratando os desiguais de forma igual. Para quem \u00e9 da classe alta, tem tudo, mas n\u00e3o \u00e9 assim em todo Brasil\u201d avalia.<\/p>\n<!-- AddThis Advanced Settings generic via filter on the_content --><!-- AddThis Share Buttons generic via filter on the_content -->","protected":false},"excerpt":{"rendered":"<p>O deputado federal Idilvan Alencar (PDT-CE) criticou, nessa segunda-feira (20) o posicionamento do ministro da Educa\u00e7\u00e3o Abraham Weintraub em publica\u00e7\u00e3o nas redes sociais. No Twitter, Weintraub apoiou o atual calend\u00e1rio do Enem e acusou os governadores de promover uma quarentena \u201cgeneralizada e precipitada\u201d. Segundo o parlamentar, ainda n\u00e3o houve uma ajuda do Minist\u00e9rio da Educa\u00e7\u00e3o&#8230;<!-- AddThis Advanced Settings generic via filter on wp_trim_excerpt --><!-- AddThis Share Buttons generic via filter on wp_trim_excerpt --><\/p>\n","protected":false},"author":17,"featured_media":70633,"comment_status":"closed","ping_status":"closed","sticky":false,"template":"","format":"standard","meta":{"_monsterinsights_skip_tracking":false,"_monsterinsights_sitenote_active":false,"_monsterinsights_sitenote_note":"","_monsterinsights_sitenote_category":0,"_uf_show_specific_survey":0,"_uf_disable_surveys":false,"footnotes":""},"categories":[1390,1459],"tags":[3471,3375,3373,3372,3472],"class_list":["post-70631","post","type-post","status-publish","format-standard","has-post-thumbnail","hentry","category-editorias","category-congresso","tag-crise-sanitaria","tag-enem-2020","tag-idilvan-alencar","tag-mec","tag-ministro-da-educacao"],"acf":[],"_links":{"self":[{"href":"https:\/\/pdt-rj.org.br\/index.php\/wp-json\/wp\/v2\/posts\/70631","targetHints":{"allow":["GET"]}}],"collection":[{"href":"https:\/\/pdt-rj.org.br\/index.php\/wp-json\/wp\/v2\/posts"}],"about":[{"href":"https:\/\/pdt-rj.org.br\/index.php\/wp-json\/wp\/v2\/types\/post"}],"author":[{"embeddable":true,"href":"https:\/\/pdt-rj.org.br\/index.php\/wp-json\/wp\/v2\/users\/17"}],"replies":[{"embeddable":true,"href":"https:\/\/pdt-rj.org.br\/index.php\/wp-json\/wp\/v2\/comments?post=70631"}],"version-history":[{"count":2,"href":"https:\/\/pdt-rj.org.br\/index.php\/wp-json\/wp\/v2\/posts\/70631\/revisions"}],"predecessor-version":[{"id":70634,"href":"https:\/\/pdt-rj.org.br\/index.php\/wp-json\/wp\/v2\/posts\/70631\/revisions\/70634"}],"wp:featuredmedia":[{"embeddable":true,"href":"https:\/\/pdt-rj.org.br\/index.php\/wp-json\/wp\/v2\/media\/70633"}],"wp:attachment":[{"href":"https:\/\/pdt-rj.org.br\/index.php\/wp-json\/wp\/v2\/media?parent=70631"}],"wp:term":[{"taxonomy":"category","embeddable":true,"href":"https:\/\/pdt-rj.org.br\/index.php\/wp-json\/wp\/v2\/categories?post=70631"},{"taxonomy":"post_tag","embeddable":true,"href":"https:\/\/pdt-rj.org.br\/index.php\/wp-json\/wp\/v2\/tags?post=70631"}],"curies":[{"name":"wp","href":"https:\/\/api.w.org\/{rel}","templated":true}]}}