{"id":70603,"date":"2020-04-21T18:16:20","date_gmt":"2020-04-21T21:16:20","guid":{"rendered":"http:\/\/pdt-rj.org.br\/?p=70603"},"modified":"2020-04-22T19:03:56","modified_gmt":"2020-04-22T22:03:56","slug":"policiais-trabalhistas-bravos-combatentes-nas-trincheiras-da-democracia","status":"publish","type":"post","link":"https:\/\/pdt-rj.org.br\/index.php\/policiais-trabalhistas-bravos-combatentes-nas-trincheiras-da-democracia\/","title":{"rendered":"Policiais trabalhistas: bravos combatentes nas trincheiras da Democracia"},"content":{"rendered":"<p>As trincheiras dos trabalhismo sempre foram ocupadas por \u00edcones que honraram e seguem confirmando a import\u00e2ncia dos valores potencializados por Leonel Brizola, Get\u00falio Vargas, Darcy Ribeiro e tantos outros militantes hist\u00f3ricos. Destes bravos combatentes, cito, no Dia dos policiais civis e militares (21 de abril), dois valorosos quadros parlamentares do Rio de Janeiro: a delegada Martha Rocha, na Assembleia Legislativa, e o major Paulo Ramos, na C\u00e2mara dos Deputados.<\/p>\n<p>A trajet\u00f3ria de cada um mostra a qualifica\u00e7\u00e3o dos nossos quadros em cada canto do Brasil. \u00c9 uma satisfa\u00e7\u00e3o poder dizer que temos como voz ativa, na Alerj, a primeira mulher, na hist\u00f3ria, a chefiar a Pol\u00edcia Civil no nosso estado. J\u00e1 no Congresso Nacional, atualmente tamb\u00e9m contamos com o major reformado da PM, deputado Paulo Ramos, que mostra, com vigor, todas as entranhas nefastas do sistema financeiro liderado pelo ministro Paulo Guedes, no governo Bolsonaro. S\u00e3o quadros diferenciados do PDT em meio ao descr\u00e9dito plantado pelos neoliberais na pol\u00edtica.<\/p>\n<p>Ao parabeniz\u00e1-los em nome de cada policial que dedica sua vida em prol do cidad\u00e3o fluminense, ressalto toda a for\u00e7a dos servidores p\u00fablicos apesar de todas as dificuldades, inclusive na atual pandemia do Coronav\u00edrus, que assola n\u00e3o somente o Rio e o Brasil, mas todo o mundo. Est\u00e3o nas ruas e sempre \u00e0 disposi\u00e7\u00e3o para proteger e resguardar a vida e os direitos t\u00e3o fundamentais. Nunca foi f\u00e1cil, mas a atual onda de viol\u00eancia e de fascismo ressoam como mais um chamamento para uma guerra a ser enfrentada na linha de frente do campo democrata.<\/p>\n<p>Para cada manifesta\u00e7\u00e3o de defesa da ditadura, do AI-5 ou de torturadores, surgir\u00e3o milhares de pontos reluzentes de contraponto para mostrar que nada ser\u00e1 mais importante do que a liberdade assegurada pela Constitui\u00e7\u00e3o Federal e conduzida pelos poderes constitu\u00eddos. Usurpadores inconsequentes n\u00e3o passar\u00e3o impunes. Basta!<\/p>\n<p>Por isso, ratifico: exemplos como estes, de garra, zelo e seriedade, nos inspiram a seguir valorizando e defendendo a presen\u00e7a do Estado como estimulador de pol\u00edticas sociais e de seguran\u00e7a que respeitem o cidad\u00e3o e, novamente, cada direito assegurado pela Lei.<\/p>\n<p>A repeti\u00e7\u00e3o da legalidade \u00e9 um mantra para os pedetistas. A luta por um pa\u00eds melhor e mais justo para todos n\u00f3s, do PDT, n\u00e3o cessar\u00e1 jamais.<\/p>\n<p><em><strong>*Antonio Albuquerque \u00e9 vice-presidente municipal do PDT do Rio de Janeiro<\/strong><\/em><\/p>\n<!-- AddThis Advanced Settings generic via filter on the_content --><!-- AddThis Share Buttons generic via filter on the_content -->","protected":false},"excerpt":{"rendered":"<p>As trincheiras dos trabalhismo sempre foram ocupadas por \u00edcones que honraram e seguem confirmando a import\u00e2ncia dos valores potencializados por Leonel Brizola, Get\u00falio Vargas, Darcy Ribeiro e tantos outros militantes hist\u00f3ricos. Destes bravos combatentes, cito, no Dia dos policiais civis e militares (21 de abril), dois valorosos quadros parlamentares do Rio de Janeiro: a delegada&#8230;<!-- AddThis Advanced Settings generic via filter on wp_trim_excerpt --><!-- AddThis Share Buttons generic via filter on wp_trim_excerpt --><\/p>\n","protected":false},"author":17,"featured_media":70608,"comment_status":"closed","ping_status":"closed","sticky":false,"template":"","format":"standard","meta":{"_monsterinsights_skip_tracking":false,"_monsterinsights_sitenote_active":false,"_monsterinsights_sitenote_note":"","_monsterinsights_sitenote_category":0,"_uf_show_specific_survey":0,"_uf_disable_surveys":false,"footnotes":""},"categories":[1584,1390],"tags":[2893,3460,3316,277,437,546,565,3278,3241,1602],"class_list":["post-70603","post","type-post","status-publish","format-standard","has-post-thumbnail","hentry","category-artigos","category-editorias","tag-ai-5","tag-antonio-albuquerque","tag-coronavirus","tag-darcy-ribeiro","tag-getulio-vargas","tag-legalidade","tag-leonel-brizola","tag-marta-rocha","tag-paulo-ramos","tag-rio-de-janeiro"],"acf":[],"_links":{"self":[{"href":"https:\/\/pdt-rj.org.br\/index.php\/wp-json\/wp\/v2\/posts\/70603","targetHints":{"allow":["GET"]}}],"collection":[{"href":"https:\/\/pdt-rj.org.br\/index.php\/wp-json\/wp\/v2\/posts"}],"about":[{"href":"https:\/\/pdt-rj.org.br\/index.php\/wp-json\/wp\/v2\/types\/post"}],"author":[{"embeddable":true,"href":"https:\/\/pdt-rj.org.br\/index.php\/wp-json\/wp\/v2\/users\/17"}],"replies":[{"embeddable":true,"href":"https:\/\/pdt-rj.org.br\/index.php\/wp-json\/wp\/v2\/comments?post=70603"}],"version-history":[{"count":5,"href":"https:\/\/pdt-rj.org.br\/index.php\/wp-json\/wp\/v2\/posts\/70603\/revisions"}],"predecessor-version":[{"id":70658,"href":"https:\/\/pdt-rj.org.br\/index.php\/wp-json\/wp\/v2\/posts\/70603\/revisions\/70658"}],"wp:featuredmedia":[{"embeddable":true,"href":"https:\/\/pdt-rj.org.br\/index.php\/wp-json\/wp\/v2\/media\/70608"}],"wp:attachment":[{"href":"https:\/\/pdt-rj.org.br\/index.php\/wp-json\/wp\/v2\/media?parent=70603"}],"wp:term":[{"taxonomy":"category","embeddable":true,"href":"https:\/\/pdt-rj.org.br\/index.php\/wp-json\/wp\/v2\/categories?post=70603"},{"taxonomy":"post_tag","embeddable":true,"href":"https:\/\/pdt-rj.org.br\/index.php\/wp-json\/wp\/v2\/tags?post=70603"}],"curies":[{"name":"wp","href":"https:\/\/api.w.org\/{rel}","templated":true}]}}