{"id":70588,"date":"2020-04-20T15:41:16","date_gmt":"2020-04-20T18:41:16","guid":{"rendered":"http:\/\/pdt-rj.org.br\/?p=70588"},"modified":"2020-04-24T22:26:42","modified_gmt":"2020-04-25T01:26:42","slug":"ate-quando","status":"publish","type":"post","link":"https:\/\/pdt-rj.org.br\/index.php\/ate-quando\/","title":{"rendered":"At\u00e9 quando?"},"content":{"rendered":"<p>\u00c9 hora de perguntar a cada cidad\u00e3o e cidad\u00e3 do Brasil at\u00e9 quando vamos suportar essa ignor\u00e2ncia? Quanto tempo mais conseguiremos tolerar esse \u00f3dio e essa anarquia vindos do presidente da Rep\u00fablica que, a cada dia, aumenta seu poder t\u00f3xico de movimentar grupelhos em atitudes que beiram a dem\u00eancia coletiva?<\/p>\n<p>J\u00e1 est\u00e1 mais do que comprovado que, diante da sua total falta de cogni\u00e7\u00e3o l\u00f3gica e intelig\u00eancia para lidar com uma crise mundial, o ap\u00f3stolo da ignor\u00e2ncia cria fatos, ataca institui\u00e7\u00f5es e extrapola os limites democr\u00e1ticos. Enquanto isso, milhares de brasileiros morrem, dia ap\u00f3s dia, diante de um Estado vegetativo que n\u00e3o tem capacidade de cuidar dos brasileiros.<\/p>\n<p>J\u00e1 n\u00e3o basta ir apenas contra organismos internacionais, como a Organiza\u00e7\u00e3o Mundial da Sa\u00fade (OMS) e defender o fim do isolamento coletivo, que vem sendo respeitado em todo Globo terrestre. Agora, o profeta da ignor\u00e2ncia se une \u00e0 meia d\u00fazia de anarquistas sem qualquer empatia ao pr\u00f3ximo, em porta de quartel, para defender o Ato Institucional 5 (AI-5) \u2013 o mais duro golpe da Ditadura Militar na d\u00e9cada de 60 que resultou no fechamento do Congresso Nacional e na morte de dezenas de milhares de brasileiros. Seu governo representa a morte.<\/p>\n<p>A fantasia de idiota da Corte lhe caiu de forma extraordin\u00e1ria. \u00c9 com ela que ele defende a volta ao trabalho dos brasileiros como \u00fanica solu\u00e7\u00e3o para a crise financeira que vivemos, como se a\u00e7\u00f5es s\u00e9rias e consistentes do pr\u00f3prio Governo Federal n\u00e3o fossem suficientes.<\/p>\n<p>\u00c9 hora de dar um basta. Todos os limites da razoabilidade foram atropelados. E o \u00fanico caminho deste cidad\u00e3o \u00e9 seu total impedimento de continuar sabotando uma na\u00e7\u00e3o de 200 milh\u00f5es de habitantes. N\u00e3o h\u00e1 tempo para aguardar a morte bater na porta dos nossos cidad\u00e3os e cidad\u00e3s, seja pela doen\u00e7a ou seja pela fome.<\/p>\n<p>&nbsp;<\/p>\n<p><em><strong>*Carlos Lupi, presidente nacional do PDT e ex-ministro do Trabalho e Emprego<\/strong><\/em><\/p>\n<!-- AddThis Advanced Settings generic via filter on the_content --><!-- AddThis Share Buttons generic via filter on the_content -->","protected":false},"excerpt":{"rendered":"<p>\u00c9 hora de perguntar a cada cidad\u00e3o e cidad\u00e3 do Brasil at\u00e9 quando vamos suportar essa ignor\u00e2ncia? Quanto tempo mais conseguiremos tolerar esse \u00f3dio e essa anarquia vindos do presidente da Rep\u00fablica que, a cada dia, aumenta seu poder t\u00f3xico de movimentar grupelhos em atitudes que beiram a dem\u00eancia coletiva? J\u00e1 est\u00e1 mais do que&#8230;<!-- AddThis Advanced Settings generic via filter on wp_trim_excerpt --><!-- AddThis Share Buttons generic via filter on wp_trim_excerpt --><\/p>\n","protected":false},"author":17,"featured_media":68194,"comment_status":"closed","ping_status":"closed","sticky":false,"template":"","format":"standard","meta":{"_monsterinsights_skip_tracking":false,"_monsterinsights_sitenote_active":false,"_monsterinsights_sitenote_note":"","_monsterinsights_sitenote_category":0,"_uf_show_specific_survey":0,"_uf_disable_surveys":false,"footnotes":""},"categories":[1584,1390],"tags":[2893,3479,196,3316,57,3317],"class_list":["post-70588","post","type-post","status-publish","format-standard","has-post-thumbnail","hentry","category-artigos","category-editorias","tag-ai-5","tag-ato-institucional-5","tag-carlos-lupi","tag-coronavirus","tag-oms","tag-organizacao-mundial-da-saude"],"acf":[],"_links":{"self":[{"href":"https:\/\/pdt-rj.org.br\/index.php\/wp-json\/wp\/v2\/posts\/70588","targetHints":{"allow":["GET"]}}],"collection":[{"href":"https:\/\/pdt-rj.org.br\/index.php\/wp-json\/wp\/v2\/posts"}],"about":[{"href":"https:\/\/pdt-rj.org.br\/index.php\/wp-json\/wp\/v2\/types\/post"}],"author":[{"embeddable":true,"href":"https:\/\/pdt-rj.org.br\/index.php\/wp-json\/wp\/v2\/users\/17"}],"replies":[{"embeddable":true,"href":"https:\/\/pdt-rj.org.br\/index.php\/wp-json\/wp\/v2\/comments?post=70588"}],"version-history":[{"count":6,"href":"https:\/\/pdt-rj.org.br\/index.php\/wp-json\/wp\/v2\/posts\/70588\/revisions"}],"predecessor-version":[{"id":70768,"href":"https:\/\/pdt-rj.org.br\/index.php\/wp-json\/wp\/v2\/posts\/70588\/revisions\/70768"}],"wp:featuredmedia":[{"embeddable":true,"href":"https:\/\/pdt-rj.org.br\/index.php\/wp-json\/wp\/v2\/media\/68194"}],"wp:attachment":[{"href":"https:\/\/pdt-rj.org.br\/index.php\/wp-json\/wp\/v2\/media?parent=70588"}],"wp:term":[{"taxonomy":"category","embeddable":true,"href":"https:\/\/pdt-rj.org.br\/index.php\/wp-json\/wp\/v2\/categories?post=70588"},{"taxonomy":"post_tag","embeddable":true,"href":"https:\/\/pdt-rj.org.br\/index.php\/wp-json\/wp\/v2\/tags?post=70588"}],"curies":[{"name":"wp","href":"https:\/\/api.w.org\/{rel}","templated":true}]}}