{"id":70585,"date":"2020-04-20T14:50:46","date_gmt":"2020-04-20T17:50:46","guid":{"rendered":"http:\/\/pdt-rj.org.br\/?p=70585"},"modified":"2020-05-11T12:49:25","modified_gmt":"2020-05-11T15:49:25","slug":"nota-do-mdcr-em-defesa-da-democracia-e-contra-os-ataques-as-instituicoes-democraticas","status":"publish","type":"post","link":"https:\/\/pdt-rj.org.br\/index.php\/nota-do-mdcr-em-defesa-da-democracia-e-contra-os-ataques-as-instituicoes-democraticas\/","title":{"rendered":"Nota do MCDR em defesa da Democracia e contra os ataques \u00e0s institui\u00e7\u00f5es democr\u00e1ticas"},"content":{"rendered":"<p>O Movimento Cultural Darcy Ribeiro (MCDR) \u00e9 um movimento enraizado no Trabalhismo e, portanto, um defensor da democracia brasileira. Dito isso, o MCDR n\u00e3o poderia se calar diante dos ataques \u00e0 institui\u00e7\u00f5es democr\u00e1ticas brasileiras que a duras penas vem se consolidando nesse pa\u00eds, que viveu por mais de 20 anos em uma ditadura sangrenta e assassina com cerceamento das liberdades individuais.<\/p>\n<p>N\u00e3o \u00e9 poss\u00edvel aceitar as manifesta\u00e7\u00f5es ocorridas neste domingo, e pior ainda, endossadas por um presidente eleito no voto da democracia, mesmo que se utilizando ilegalmente das fake news. Jair Bolsonaro participar de atos que pedem o fechamento do Supremo Tribunal Federal (STF) e do Congresso Nacional s\u00f3 refor\u00e7a o fato de que nossa democracia est\u00e1 em perigo, como era de se esperar, com a elei\u00e7\u00e3o de um presidente que faz quest\u00e3o de homenagear a ditadura e seus ditadores.<\/p>\n<p>Mas se ela est\u00e1 em perigo, cabe a n\u00f3s defende-las como fizeram tantos trabalhistas que inspiram o MCDR. Por isso, o MCDR, juntamente com v\u00e1rias outras lideran\u00e7as, entidades, e partidos, vem publicamente manifestar seu rep\u00fadio \u00e0s p\u00edfias manifesta\u00e7\u00f5es que, al\u00e9m de colocarem em risco diversas pessoas em tempos de pandemia, pedem algo que a Constitui\u00e7\u00e3o pro\u00edbe, que \u00e9 a interven\u00e7\u00e3o militar.<\/p>\n<p>Seguimos vigilantes da democracia brasileira como sempre, e de olho nos ataques que visam colocar em xeque essa que \u00e9 uma das mais importantes vit\u00f3rias da nossa hist\u00f3ria.<\/p>\n<p>&nbsp;<\/p>\n<p style=\"text-align: center;\"><strong>Roberto Viana J\u00fanior<\/strong><br \/>\nPresidente Nacional do MCDR-PDT<\/p>\n<p style=\"text-align: center;\"><strong>Lauri Bernardes<\/strong><br \/>\nSecret\u00e1rio-geral Nacional do MCDR-PDT<\/p>\n<!-- AddThis Advanced Settings generic via filter on the_content --><!-- AddThis Share Buttons generic via filter on the_content -->","protected":false},"excerpt":{"rendered":"<p>O Movimento Cultural Darcy Ribeiro (MCDR) \u00e9 um movimento enraizado no Trabalhismo e, portanto, um defensor da democracia brasileira. Dito isso, o MCDR n\u00e3o poderia se calar diante dos ataques \u00e0 institui\u00e7\u00f5es democr\u00e1ticas brasileiras que a duras penas vem se consolidando nesse pa\u00eds, que viveu por mais de 20 anos em uma ditadura sangrenta e&#8230;<!-- AddThis Advanced Settings generic via filter on wp_trim_excerpt --><!-- AddThis Share Buttons generic via filter on wp_trim_excerpt --><\/p>\n","protected":false},"author":17,"featured_media":70586,"comment_status":"closed","ping_status":"closed","sticky":false,"template":"","format":"standard","meta":{"_monsterinsights_skip_tracking":false,"_monsterinsights_sitenote_active":false,"_monsterinsights_sitenote_note":"","_monsterinsights_sitenote_category":0,"_uf_show_specific_survey":0,"_uf_disable_surveys":false,"footnotes":""},"categories":[1390,2606,1397],"tags":[1526,287,2614,2878,3457,3469,3470,3456,2450,3378,3468,869,28,899],"class_list":["post-70585","post","type-post","status-publish","format-standard","has-post-thumbnail","hentry","category-editorias","category-movimento-cultural-darcy-ribeiro","category-movimentos","tag-congresso-nacional","tag-democracia","tag-ditadura","tag-fake-news","tag-intervencao-militar","tag-lauri-bernardes","tag-liberdades-individuais","tag-mdc","tag-movimento-cultural-darcy-ribeiro","tag-pandemia","tag-roberto-viana-junior","tag-senado","tag-stf","tag-supremo-tribunal-federal"],"acf":[],"_links":{"self":[{"href":"https:\/\/pdt-rj.org.br\/index.php\/wp-json\/wp\/v2\/posts\/70585","targetHints":{"allow":["GET"]}}],"collection":[{"href":"https:\/\/pdt-rj.org.br\/index.php\/wp-json\/wp\/v2\/posts"}],"about":[{"href":"https:\/\/pdt-rj.org.br\/index.php\/wp-json\/wp\/v2\/types\/post"}],"author":[{"embeddable":true,"href":"https:\/\/pdt-rj.org.br\/index.php\/wp-json\/wp\/v2\/users\/17"}],"replies":[{"embeddable":true,"href":"https:\/\/pdt-rj.org.br\/index.php\/wp-json\/wp\/v2\/comments?post=70585"}],"version-history":[{"count":5,"href":"https:\/\/pdt-rj.org.br\/index.php\/wp-json\/wp\/v2\/posts\/70585\/revisions"}],"predecessor-version":[{"id":71124,"href":"https:\/\/pdt-rj.org.br\/index.php\/wp-json\/wp\/v2\/posts\/70585\/revisions\/71124"}],"wp:featuredmedia":[{"embeddable":true,"href":"https:\/\/pdt-rj.org.br\/index.php\/wp-json\/wp\/v2\/media\/70586"}],"wp:attachment":[{"href":"https:\/\/pdt-rj.org.br\/index.php\/wp-json\/wp\/v2\/media?parent=70585"}],"wp:term":[{"taxonomy":"category","embeddable":true,"href":"https:\/\/pdt-rj.org.br\/index.php\/wp-json\/wp\/v2\/categories?post=70585"},{"taxonomy":"post_tag","embeddable":true,"href":"https:\/\/pdt-rj.org.br\/index.php\/wp-json\/wp\/v2\/tags?post=70585"}],"curies":[{"name":"wp","href":"https:\/\/api.w.org\/{rel}","templated":true}]}}