{"id":70560,"date":"2020-04-14T20:33:11","date_gmt":"2020-04-14T23:33:11","guid":{"rendered":"http:\/\/pdt-rj.org.br\/?p=70560"},"modified":"2020-04-21T20:53:11","modified_gmt":"2020-04-21T23:53:11","slug":"juventude-socialista-lanca-twitter-oficial","status":"publish","type":"post","link":"https:\/\/pdt-rj.org.br\/index.php\/juventude-socialista-lanca-twitter-oficial\/","title":{"rendered":"Juventude Socialista lan\u00e7a Twitter oficial"},"content":{"rendered":"<p>A Juventude Socialista (JS) acaba de dar mais um importante passo para modernizar suas ferramentas de comunica\u00e7\u00e3o ao lan\u00e7ar a sua conta oficial na plataforma de microblogs <a href=\"https:\/\/twitter.com\/JS_nacional?ref_src=twsrc%5Etfw\"><strong><em>Twitter<\/em><\/strong><\/a>, que, cada vez mais, continua a ser uma das redes sociais mais influentes, utilizados por organiza\u00e7\u00f5es e agentes pol\u00edticos para a difus\u00e3o de suas opini\u00f5es.<\/p>\n<p>A chegada JS foi bem recebida por usu\u00e1rios que agitaram a internet da hashtag #JSnoTwitter no \u00faltimo domingo (12). E o momento foi marcado pela sauda\u00e7\u00e3o de v\u00e1rias lideran\u00e7as pedetistas, incluindo as parlamentares da C\u00e2mara Federal e do Senado, al\u00e9m de destacados quadros partid\u00e1rios, por meio de suas contas oficiais.<\/p>\n<p>As contas institucionais PDT no Senado e PDT Nacional, o presidente nacional do partido, Carlos Lupi, os deputados federais Andr\u00e9 Figueiredo,\u00a0 l\u00edder da Oposi\u00e7\u00e3o na C\u00e2mara, Dr. M\u00e1rio Heringer, 2\u00ba secret\u00e1rio da Mesa Diretora da C\u00e2mara, o senador Weverton Rocha, l\u00edder do PDT no Senado, e a deputada estadual Juliana Brizola \u00a0deixaram suas mensagens de boas-vindas.<\/p>\n<p>Confira abaixo algumas dessas sauda\u00e7\u00f5es:<\/p>\n<p>https:\/\/twitter.com\/CarlosLupiPDT\/status\/1249501188619407360<\/p>\n<blockquote class=\"twitter-tweet\" data-width=\"550\" data-dnt=\"true\">\n<p lang=\"pt\" dir=\"ltr\">Sejam bem-vindos @JS_nacional! Viva a Juventude Socialista do PDT! <a href=\"https:\/\/t.co\/OT5YjYx15w\">https:\/\/t.co\/OT5YjYx15w<\/a><\/p>\n<p>&mdash; PDT 12 (@PDT_Nacional) <a href=\"https:\/\/twitter.com\/PDT_Nacional\/status\/1249685124968517632?ref_src=twsrc%5Etfw\">April 13, 2020<\/a><\/p><\/blockquote>\n<p><script async src=\"https:\/\/platform.twitter.com\/widgets.js\" charset=\"utf-8\"><\/script><\/p>\n<p>https:\/\/twitter.com\/andrepdt12\/status\/1249661812016066563<\/p>\n<blockquote class=\"twitter-tweet\" data-width=\"550\" data-dnt=\"true\">\n<p lang=\"pt\" dir=\"ltr\">Mais que nunca, a Juventude brasileira precisa estar atenta, ativa e opinando, para ajudar a espalhar boas ideias. H\u00e1 muito a ser feito pelo Brasil. Parab\u00e9ns pelo trabalho, @js_nacional , que est\u00e1 novamente no Twitter! <a href=\"https:\/\/twitter.com\/hashtag\/JSnoTwitter?src=hash&amp;ref_src=twsrc%5Etfw\">#JSnoTwitter<\/a> <a href=\"https:\/\/t.co\/xGhnfp5gXg\">https:\/\/t.co\/xGhnfp5gXg<\/a><\/p>\n<p>&mdash; Weverton (@wevertonrocha) <a href=\"https:\/\/twitter.com\/wevertonrocha\/status\/1249468178629120000?ref_src=twsrc%5Etfw\">April 12, 2020<\/a><\/p><\/blockquote>\n<p><script async src=\"https:\/\/platform.twitter.com\/widgets.js\" charset=\"utf-8\"><\/script><\/p>\n<p><strong>Poder de influ\u00eancia e dinamicidade<\/strong><\/p>\n<p>Segundo o jornal americano <em>The Wall Street Journal<\/em> o uso do Twitter por celebridades e pol\u00edticos se tornou um fator importante tanto para o pr\u00f3prio Twitter quanto para os usu\u00e1rios pela sua capacidade de influencia e dinamicidade na informa\u00e7\u00e3o. O Brasil tem o segundo maior n\u00famero de usu\u00e1rios da rede, logo atr\u00e1s dos Estados Unidos, com mais de 27.7 milh\u00f5es de contas ativas.<\/p>\n<p>Para o presidente nacional da Juventude Socialista, William Rodrigues, essa inciativa \u00e9 apenas uma entre v\u00e1rias a\u00e7\u00f5es para conectar a comunica\u00e7\u00e3o da organiza\u00e7\u00e3o \u00e0s redes sociais que est\u00e3o definindo a narrativa assuntos mais importantes do Brasil.<\/p>\n<p>\u201cN\u00f3s estamos qualificando e atualizando nosso aparelho de comunica\u00e7\u00e3o para estar cada vez mais pr\u00f3ximo dos jovens brasileiros, e as redes sociais s\u00e3o fundamentais para isso\u201d, afirmou.<\/p>\n<p>Para acompanhar a Juventude Socialista no Twitter, basta clicar no bot\u00e3o abaixo:<\/p>\n<p><a href=\"https:\/\/twitter.com\/JS_nacional?ref_src=twsrc%5Etfw\">https:\/\/twitter.com\/JS_nacional?ref_src=twsrc%5Etfw<\/a><\/p>\n<p>&nbsp;<\/p>\n<p>&nbsp;<\/p>\n<!-- AddThis Advanced Settings generic via filter on the_content --><!-- AddThis Share Buttons generic via filter on the_content -->","protected":false},"excerpt":{"rendered":"<p>A Juventude Socialista (JS) acaba de dar mais um importante passo para modernizar suas ferramentas de comunica\u00e7\u00e3o ao lan\u00e7ar a sua conta oficial na plataforma de microblogs Twitter, que, cada vez mais, continua a ser uma das redes sociais mais influentes, utilizados por organiza\u00e7\u00f5es e agentes pol\u00edticos para a difus\u00e3o de suas opini\u00f5es. A chegada&#8230;<!-- AddThis Advanced Settings generic via filter on wp_trim_excerpt --><!-- AddThis Share Buttons generic via filter on wp_trim_excerpt --><\/p>\n","protected":false},"author":17,"featured_media":70561,"comment_status":"closed","ping_status":"closed","sticky":false,"template":"","format":"standard","meta":{"_monsterinsights_skip_tracking":false,"_monsterinsights_sitenote_active":false,"_monsterinsights_sitenote_note":"","_monsterinsights_sitenote_category":0,"_uf_show_specific_survey":0,"_uf_disable_surveys":false,"footnotes":""},"categories":[1390,1586,1397,976],"tags":[3207,530,539,3448,3449,3450,3447,2395],"class_list":["post-70560","post","type-post","status-publish","format-standard","has-post-thumbnail","hentry","category-editorias","category-juventude-socialista","category-movimentos","category-noticias-em-destaque","tag-dr-mario-heringer","tag-js","tag-juventude-socialista","tag-midias-sociais","tag-redes-sociais","tag-the-wall-street-journal","tag-twitter","tag-william-rodrigues"],"acf":[],"_links":{"self":[{"href":"https:\/\/pdt-rj.org.br\/index.php\/wp-json\/wp\/v2\/posts\/70560","targetHints":{"allow":["GET"]}}],"collection":[{"href":"https:\/\/pdt-rj.org.br\/index.php\/wp-json\/wp\/v2\/posts"}],"about":[{"href":"https:\/\/pdt-rj.org.br\/index.php\/wp-json\/wp\/v2\/types\/post"}],"author":[{"embeddable":true,"href":"https:\/\/pdt-rj.org.br\/index.php\/wp-json\/wp\/v2\/users\/17"}],"replies":[{"embeddable":true,"href":"https:\/\/pdt-rj.org.br\/index.php\/wp-json\/wp\/v2\/comments?post=70560"}],"version-history":[{"count":13,"href":"https:\/\/pdt-rj.org.br\/index.php\/wp-json\/wp\/v2\/posts\/70560\/revisions"}],"predecessor-version":[{"id":70617,"href":"https:\/\/pdt-rj.org.br\/index.php\/wp-json\/wp\/v2\/posts\/70560\/revisions\/70617"}],"wp:featuredmedia":[{"embeddable":true,"href":"https:\/\/pdt-rj.org.br\/index.php\/wp-json\/wp\/v2\/media\/70561"}],"wp:attachment":[{"href":"https:\/\/pdt-rj.org.br\/index.php\/wp-json\/wp\/v2\/media?parent=70560"}],"wp:term":[{"taxonomy":"category","embeddable":true,"href":"https:\/\/pdt-rj.org.br\/index.php\/wp-json\/wp\/v2\/categories?post=70560"},{"taxonomy":"post_tag","embeddable":true,"href":"https:\/\/pdt-rj.org.br\/index.php\/wp-json\/wp\/v2\/tags?post=70560"}],"curies":[{"name":"wp","href":"https:\/\/api.w.org\/{rel}","templated":true}]}}