{"id":70549,"date":"2020-04-17T14:45:50","date_gmt":"2020-04-17T17:45:50","guid":{"rendered":"http:\/\/pdt-rj.org.br\/?p=70549"},"modified":"2020-04-17T15:56:54","modified_gmt":"2020-04-17T18:56:54","slug":"com-emenda-de-tulio-gadelha-camara-aprova-pl-que-amplia-alcance-da-renda-emergencial","status":"publish","type":"post","link":"https:\/\/pdt-rj.org.br\/index.php\/com-emenda-de-tulio-gadelha-camara-aprova-pl-que-amplia-alcance-da-renda-emergencial\/","title":{"rendered":"Com emenda de T\u00falio Gad\u00ealha, C\u00e2mara aprova PL que amplia alcance da renda emergencial"},"content":{"rendered":"<p>Juntamente com o projeto que amplia o n\u00famero de categorias de trabalhadores informais com direito ao aux\u00edlio emergencial (PL 873\/20) a C\u00e2mara aprovou, nessa quinta-feira (16), emenda do pedetista T\u00falio Gad\u00ealha (PE) que inclui entre os benefici\u00e1rios cuidadores, bab\u00e1s e artes\u00e3os. \u201cEm virtude do surto de Covid-19 muitos cuidadores e bab\u00e1s tiveram de se afastar de seus afazeres e n\u00e3o podem ser deixados sem apoio e sem essa renda\u201d, defende o deputado.<\/p>\n<p>De acordo T\u00falio Gad\u00ealha, dados do Minist\u00e9rio do Trabalho mostram que 34 mil pessoas trabalham como cuidadores no Brasil. J\u00e1 segundo o Instituto Brasileiro de Geografia e Estat\u00edstica (IBGE) aponta, segundo afirma, 153 mil trabalhadores dom\u00e9sticos, grupo em que a profiss\u00e3o de bab\u00e1 se enquadra, e 8,5 mil artes\u00e3os no pa\u00eds.<\/p>\n<p>O PL do Senado promove mudan\u00e7as na Lei n\u00ba 13.982, de 2 de abril de 2020, expandindo o alcance do aux\u00edlio emergencial de R$ 600 a ser pago a trabalhadores informais de baixa renda durante a pandemia.<\/p>\n<!-- AddThis Advanced Settings generic via filter on the_content --><!-- AddThis Share Buttons generic via filter on the_content -->","protected":false},"excerpt":{"rendered":"<p>Juntamente com o projeto que amplia o n\u00famero de categorias de trabalhadores informais com direito ao aux\u00edlio emergencial (PL 873\/20) a C\u00e2mara aprovou, nessa quinta-feira (16), emenda do pedetista T\u00falio Gad\u00ealha (PE) que inclui entre os benefici\u00e1rios cuidadores, bab\u00e1s e artes\u00e3os. \u201cEm virtude do surto de Covid-19 muitos cuidadores e bab\u00e1s tiveram de se afastar&#8230;<!-- AddThis Advanced Settings generic via filter on wp_trim_excerpt --><!-- AddThis Share Buttons generic via filter on wp_trim_excerpt --><\/p>\n","protected":false},"author":17,"featured_media":70552,"comment_status":"closed","ping_status":"closed","sticky":false,"template":"","format":"standard","meta":{"_monsterinsights_skip_tracking":false,"_monsterinsights_sitenote_active":false,"_monsterinsights_sitenote_note":"","_monsterinsights_sitenote_category":0,"_uf_show_specific_survey":0,"_uf_disable_surveys":false,"footnotes":""},"categories":[1390,1459],"tags":[3376,1476,1525,2491],"class_list":["post-70549","post","type-post","status-publish","format-standard","has-post-thumbnail","hentry","category-editorias","category-congresso","tag-auxilio-emergencial","tag-ibge","tag-ministerio-do-trabalho","tag-tulio-gadelha"],"acf":[],"_links":{"self":[{"href":"https:\/\/pdt-rj.org.br\/index.php\/wp-json\/wp\/v2\/posts\/70549","targetHints":{"allow":["GET"]}}],"collection":[{"href":"https:\/\/pdt-rj.org.br\/index.php\/wp-json\/wp\/v2\/posts"}],"about":[{"href":"https:\/\/pdt-rj.org.br\/index.php\/wp-json\/wp\/v2\/types\/post"}],"author":[{"embeddable":true,"href":"https:\/\/pdt-rj.org.br\/index.php\/wp-json\/wp\/v2\/users\/17"}],"replies":[{"embeddable":true,"href":"https:\/\/pdt-rj.org.br\/index.php\/wp-json\/wp\/v2\/comments?post=70549"}],"version-history":[{"count":4,"href":"https:\/\/pdt-rj.org.br\/index.php\/wp-json\/wp\/v2\/posts\/70549\/revisions"}],"predecessor-version":[{"id":70554,"href":"https:\/\/pdt-rj.org.br\/index.php\/wp-json\/wp\/v2\/posts\/70549\/revisions\/70554"}],"wp:featuredmedia":[{"embeddable":true,"href":"https:\/\/pdt-rj.org.br\/index.php\/wp-json\/wp\/v2\/media\/70552"}],"wp:attachment":[{"href":"https:\/\/pdt-rj.org.br\/index.php\/wp-json\/wp\/v2\/media?parent=70549"}],"wp:term":[{"taxonomy":"category","embeddable":true,"href":"https:\/\/pdt-rj.org.br\/index.php\/wp-json\/wp\/v2\/categories?post=70549"},{"taxonomy":"post_tag","embeddable":true,"href":"https:\/\/pdt-rj.org.br\/index.php\/wp-json\/wp\/v2\/tags?post=70549"}],"curies":[{"name":"wp","href":"https:\/\/api.w.org\/{rel}","templated":true}]}}