{"id":70514,"date":"2020-04-15T12:32:29","date_gmt":"2020-04-15T15:32:29","guid":{"rendered":"http:\/\/pdt-rj.org.br\/?p=70514"},"modified":"2020-04-21T20:32:38","modified_gmt":"2020-04-21T23:32:38","slug":"acao-popular-movida-por-lupi-e-deferida","status":"publish","type":"post","link":"https:\/\/pdt-rj.org.br\/index.php\/acao-popular-movida-por-lupi-e-deferida\/","title":{"rendered":"Justi\u00e7a Federal defere a\u00e7\u00e3o de Lupi e pro\u00edbe bancos de aumentar juros"},"content":{"rendered":"<p><em>Decis\u00e3o da Justi\u00e7a Federal entende que redu\u00e7\u00e3o do compuls\u00f3rio deve ser convertida em benef\u00edcio aos setores afetados pela pandemia do coronav\u00edrus<\/em><\/p>\n<p>A Justi\u00e7a Federal acaba de deferir a a\u00e7\u00e3o popular com pedido de tutela de urg\u00eancia contra a Uni\u00e3o Federal e o presidente do Banco Central, Roberto Campos Neto, movida pelo presidente nacional do PDT, Carlos Lupi, para impedir que os bancos aumentem as taxas de juros e intensifiquem a rigidez nas exig\u00eancias de concess\u00e3o de cr\u00e9dito.<\/p>\n<p>De acordo com a decis\u00e3o expedida na manh\u00e3 de hoje (15) pelo juiz Renato Coelho Borelli, fica determinado \u201cque todas as institui\u00e7\u00f5es do Sistema Financeiro Nacional se abstenham de aumentar a taxa de juros ou intensificar as exig\u00eancias para a concess\u00e3o de cr\u00e9dito\u201d.<\/p>\n<p>A decis\u00e3o judicial determina ainda que \u201ca parte r\u00e9 adote medidas a fim de condicionar a concess\u00e3o dos benef\u00edcios de liquidez, provenientes da redu\u00e7\u00e3o do percentual dos recolhimentos compuls\u00f3rios, \u00e0 efetiva apresenta\u00e7\u00e3o de novas linhas e carteiras de cr\u00e9ditos a favor do mercado produtivo interno por parte dos bancos a serem beneficiados\u201d.<\/p>\n<p>Lupi deu entrada na a\u00e7\u00e3o na \u00faltima quinta-feira (9). O intuito do presidente trabalhista \u00e9 que a medida adotada pelo Banco Central de reduzir a al\u00edquota do compuls\u00f3rio sobre recursos a prazo de 25% para 17% beneficie a popula\u00e7\u00e3o, na forma de concess\u00e3o de cr\u00e9dito \u00e0s empresas do mercado interno.<\/p>\n<p>Para saber mais sobre a A\u00e7\u00e3o Popular que originou esta decis\u00e3o, <a href=\"http:\/\/pdt-rj.org.br\/index.php\/lupi-vai-a-justica-para-impedir-abuso-dos-bancos\/\">clique aqui<\/a>.<\/p>\n<!-- AddThis Advanced Settings generic via filter on the_content --><!-- AddThis Share Buttons generic via filter on the_content -->","protected":false},"excerpt":{"rendered":"<p>Decis\u00e3o da Justi\u00e7a Federal entende que redu\u00e7\u00e3o do compuls\u00f3rio deve ser convertida em benef\u00edcio aos setores afetados pela pandemia do coronav\u00edrus A Justi\u00e7a Federal acaba de deferir a a\u00e7\u00e3o popular com pedido de tutela de urg\u00eancia contra a Uni\u00e3o Federal e o presidente do Banco Central, Roberto Campos Neto, movida pelo presidente nacional do PDT,&#8230;<!-- AddThis Advanced Settings generic via filter on wp_trim_excerpt --><!-- AddThis Share Buttons generic via filter on wp_trim_excerpt --><\/p>\n","protected":false},"author":17,"featured_media":70517,"comment_status":"closed","ping_status":"closed","sticky":false,"template":"","format":"standard","meta":{"_monsterinsights_skip_tracking":false,"_monsterinsights_sitenote_active":false,"_monsterinsights_sitenote_note":"","_monsterinsights_sitenote_category":0,"_uf_show_specific_survey":0,"_uf_disable_surveys":false,"footnotes":""},"categories":[1390,1401],"tags":[],"class_list":["post-70514","post","type-post","status-publish","format-standard","has-post-thumbnail","hentry","category-editorias","category-nacional"],"acf":[],"_links":{"self":[{"href":"https:\/\/pdt-rj.org.br\/index.php\/wp-json\/wp\/v2\/posts\/70514","targetHints":{"allow":["GET"]}}],"collection":[{"href":"https:\/\/pdt-rj.org.br\/index.php\/wp-json\/wp\/v2\/posts"}],"about":[{"href":"https:\/\/pdt-rj.org.br\/index.php\/wp-json\/wp\/v2\/types\/post"}],"author":[{"embeddable":true,"href":"https:\/\/pdt-rj.org.br\/index.php\/wp-json\/wp\/v2\/users\/17"}],"replies":[{"embeddable":true,"href":"https:\/\/pdt-rj.org.br\/index.php\/wp-json\/wp\/v2\/comments?post=70514"}],"version-history":[{"count":5,"href":"https:\/\/pdt-rj.org.br\/index.php\/wp-json\/wp\/v2\/posts\/70514\/revisions"}],"predecessor-version":[{"id":70616,"href":"https:\/\/pdt-rj.org.br\/index.php\/wp-json\/wp\/v2\/posts\/70514\/revisions\/70616"}],"wp:featuredmedia":[{"embeddable":true,"href":"https:\/\/pdt-rj.org.br\/index.php\/wp-json\/wp\/v2\/media\/70517"}],"wp:attachment":[{"href":"https:\/\/pdt-rj.org.br\/index.php\/wp-json\/wp\/v2\/media?parent=70514"}],"wp:term":[{"taxonomy":"category","embeddable":true,"href":"https:\/\/pdt-rj.org.br\/index.php\/wp-json\/wp\/v2\/categories?post=70514"},{"taxonomy":"post_tag","embeddable":true,"href":"https:\/\/pdt-rj.org.br\/index.php\/wp-json\/wp\/v2\/tags?post=70514"}],"curies":[{"name":"wp","href":"https:\/\/api.w.org\/{rel}","templated":true}]}}