{"id":70506,"date":"2020-04-14T19:58:32","date_gmt":"2020-04-14T22:58:32","guid":{"rendered":"http:\/\/pdt-rj.org.br\/?p=70506"},"modified":"2020-04-14T19:58:32","modified_gmt":"2020-04-14T22:58:32","slug":"covid-19-deputados-do-pdt-pedem-aos-correios-tarifa-reduzida-no-sedex-enviados-aos-presos-durante-pandemia","status":"publish","type":"post","link":"https:\/\/pdt-rj.org.br\/index.php\/covid-19-deputados-do-pdt-pedem-aos-correios-tarifa-reduzida-no-sedex-enviados-aos-presos-durante-pandemia\/","title":{"rendered":"Covid-19 &#8211; Deputados do PDT pedem aos Correios tarifa reduzida no Sedex enviados aos presos durante pandemia"},"content":{"rendered":"<p>O deputado federal Gustavo Fruet e o deputado estadual Goura, do PDT Paran\u00e1, solicitaram aos Correios, por meio de of\u00edcio conjunto encaminhado ao presidente da empresa, Floriano Peixoto Vieira Neto, no dia 9 de abril, a cria\u00e7\u00e3o de uma tarifa reduzida para o envio de Servi\u00e7o de Encomenda Expressa Nacional (Sedex) \u00e0s unidades penitenci\u00e1rias durante o per\u00edodo de isolamento social necess\u00e1rio \u00e0 conten\u00e7\u00e3o da Covid-19.<\/p>\n<p>Assim como tem ocorrido em todo o Brasil, o Departamento Penitenci\u00e1rio do Paran\u00e1 tem restringido o acesso aos presos. As visitas de familiares foram suspensas bem como a entrega de sacolas com alimentos e produtos de higiene. A instru\u00e7\u00e3o \u00e9 para que as fam\u00edlias fa\u00e7am o envio de tais produtos via Sedex.<\/p>\n<p>\u201cOcorre que, em geral, s\u00e3o pessoas muito pobres e as tarifas de Sedex excedem a capacidade financeira das fam\u00edlias\u201d, argumentam os parlamentares ao solicitar a cria\u00e7\u00e3o de tarifa reduzida especial para envios de Sedex \u00e0s unidades prisionais de todo pa\u00eds enquanto durar as restri\u00e7\u00f5es aos presos necess\u00e1rias ao isolamento social.<\/p>\n<p><strong>Pre\u00e7os altos<\/strong><\/p>\n<p>Para se ter uma ideia do valor de um Sedex, em uma simula\u00e7\u00e3o feita diretamente no site do Correios, uma encomenda com peso aproximado de dois quilos, utilizando a caixa pr\u00f3pria do Correios, enviada de Cascavel (Regi\u00e3o Oeste) para Curitiba, ficaria no valor de R$ 35,30 (sem servi\u00e7os opcionais como AR ou declara\u00e7\u00e3o de valor).<\/p>\n<p>Se um mesmo Sedex, de dois quilos, fosse enviado do Bairro \u00c1gua Verde em Curitiba (PR) para o Depen em Curitiba, o valor seria de R$ 29,90. No caso de cinco quilos, o valor passaria para R$ 36,90.<\/p>\n<p><strong>Covid-19 no sistema prisional <\/strong><\/p>\n<p>De acordo com dados divulgados pelo Departamento Penitenci\u00e1rio Nacional (Depen), at\u00e9 o momento h\u00e1 115 casos suspeitos e tr\u00eas confirma\u00e7\u00f5es. Nenhum \u00f3bito at\u00e9 o momento foi registrado. No Paran\u00e1, n\u00e3o h\u00e1 nenhum registro ainda. O painel com essas e outras informa\u00e7\u00f5es pode ser acessado pelo link abaixo.<\/p>\n<p><a href=\"http:\/\/depen.gov.br\/DEPEN\/covid-19-painel-de-monitoramento-dos-sistemas-prisionais\">http:\/\/depen.gov.br\/DEPEN\/covid-19-painel-de-monitoramento-dos-sistemas-prisionais<\/a><\/p>\n<p><strong>Popula\u00e7\u00e3o carcer\u00e1ria<\/strong><\/p>\n<p>Dados do Departamento Penitenci\u00e1rio Nacional (Depen), divulgados em fevereiro de 2020, apontam que o Brasil possui uma popula\u00e7\u00e3o prisional de 773.151 pessoas privadas de liberdade em todos os regimes. Veja mais dados no link abaixo:<\/p>\n<p><a href=\"https:\/\/www.gov.br\/pt-br\/noticias\/justica-e-seguranca\/2020\/02\/dados-sobre-populacao-carceraria-do-brasil-sao-atualizados\">https:\/\/www.gov.br\/pt-br\/noticias\/justica-e-seguranca\/2020\/02\/dados-sobre-populacao-carceraria-do-brasil-sao-atualizados<\/a><\/p>\n<!-- AddThis Advanced Settings generic via filter on the_content --><!-- AddThis Share Buttons generic via filter on the_content -->","protected":false},"excerpt":{"rendered":"<p>O deputado federal Gustavo Fruet e o deputado estadual Goura, do PDT Paran\u00e1, solicitaram aos Correios, por meio de of\u00edcio conjunto encaminhado ao presidente da empresa, Floriano Peixoto Vieira Neto, no dia 9 de abril, a cria\u00e7\u00e3o de uma tarifa reduzida para o envio de Servi\u00e7o de Encomenda Expressa Nacional (Sedex) \u00e0s unidades penitenci\u00e1rias durante&#8230;<!-- AddThis Advanced Settings generic via filter on wp_trim_excerpt --><!-- AddThis Share Buttons generic via filter on wp_trim_excerpt --><\/p>\n","protected":false},"author":17,"featured_media":70507,"comment_status":"closed","ping_status":"closed","sticky":false,"template":"","format":"standard","meta":{"_monsterinsights_skip_tracking":false,"_monsterinsights_sitenote_active":false,"_monsterinsights_sitenote_note":"","_monsterinsights_sitenote_category":0,"_uf_show_specific_survey":0,"_uf_disable_surveys":false,"footnotes":""},"categories":[1390],"tags":[3348,3437,3434,3435,3285,1225,3436,3433],"class_list":["post-70506","post","type-post","status-publish","format-standard","has-post-thumbnail","hentry","category-editorias","tag-covid-19","tag-curitiba-pr","tag-departamento-penitenciario-nacional","tag-depen","tag-goura","tag-gustavo-fruet","tag-parana","tag-sedex"],"acf":[],"_links":{"self":[{"href":"https:\/\/pdt-rj.org.br\/index.php\/wp-json\/wp\/v2\/posts\/70506","targetHints":{"allow":["GET"]}}],"collection":[{"href":"https:\/\/pdt-rj.org.br\/index.php\/wp-json\/wp\/v2\/posts"}],"about":[{"href":"https:\/\/pdt-rj.org.br\/index.php\/wp-json\/wp\/v2\/types\/post"}],"author":[{"embeddable":true,"href":"https:\/\/pdt-rj.org.br\/index.php\/wp-json\/wp\/v2\/users\/17"}],"replies":[{"embeddable":true,"href":"https:\/\/pdt-rj.org.br\/index.php\/wp-json\/wp\/v2\/comments?post=70506"}],"version-history":[{"count":1,"href":"https:\/\/pdt-rj.org.br\/index.php\/wp-json\/wp\/v2\/posts\/70506\/revisions"}],"predecessor-version":[{"id":70508,"href":"https:\/\/pdt-rj.org.br\/index.php\/wp-json\/wp\/v2\/posts\/70506\/revisions\/70508"}],"wp:featuredmedia":[{"embeddable":true,"href":"https:\/\/pdt-rj.org.br\/index.php\/wp-json\/wp\/v2\/media\/70507"}],"wp:attachment":[{"href":"https:\/\/pdt-rj.org.br\/index.php\/wp-json\/wp\/v2\/media?parent=70506"}],"wp:term":[{"taxonomy":"category","embeddable":true,"href":"https:\/\/pdt-rj.org.br\/index.php\/wp-json\/wp\/v2\/categories?post=70506"},{"taxonomy":"post_tag","embeddable":true,"href":"https:\/\/pdt-rj.org.br\/index.php\/wp-json\/wp\/v2\/tags?post=70506"}],"curies":[{"name":"wp","href":"https:\/\/api.w.org\/{rel}","templated":true}]}}