{"id":70490,"date":"2020-04-14T17:06:54","date_gmt":"2020-04-14T20:06:54","guid":{"rendered":"http:\/\/pdt-rj.org.br\/?p=70490"},"modified":"2020-04-14T17:43:59","modified_gmt":"2020-04-14T20:43:59","slug":"com-rede-de-podcasts-radio-legalidade-volta-ao-ar","status":"publish","type":"post","link":"https:\/\/pdt-rj.org.br\/index.php\/com-rede-de-podcasts-radio-legalidade-volta-ao-ar\/","title":{"rendered":"Com rede de podcasts, R\u00e1dio Legalidade volta ao ar"},"content":{"rendered":"<p>Para levar informa\u00e7\u00e3o com inova\u00e7\u00e3o, o PDT e a Funda\u00e7\u00e3o Leonel Brizola &#8211; Alberto Pasqualini (FLB-AP) relan\u00e7ou a R\u00e1dio Legalidade em um novo formato. Desta vez, com uma rede de podcasts, o p\u00fablico ter\u00e1 quando e onde quiser, conte\u00fados exclusivos com entrevistas e debates sobre os mais variados assuntos da pol\u00edtica brasileira.<\/p>\n<p>J\u00e1 dispon\u00edvel nas principais plataformas digitais, o primeiro podcast mediado por L\u00e9o Zumpichiatti, entrevista o presidente do PDT, Carlos Lupi, o secret\u00e1rio-geral do partido e presidente da FLB-AP, Manoel Dias, e abordam junto com a deputada estadual do PDT, Juliana Brizola, sobre a crise internacional e o cen\u00e1rio pol\u00edtico devido \u00e0 pandemia do novo Coronav\u00edrus.<\/p>\n<p><strong>R\u00e1dio Legalidade<\/strong><\/p>\n<p>A R\u00e1dio Legalidade \u00e9 uma homenagem \u00e0 Campanha da Legalidade, movimento c\u00edvico liderado pelo ent\u00e3o governador do Rio Grande do Sul Leonel Brizola, que em 1961 evitou um Golpe de Estado garantindo, com imenso apoio popular de norte a sul do Brasil, a posse do Presidente Jo\u00e3o Belchior Marques Goulart, o Jango.<\/p>\n<p>Os podcasts est\u00e3o dispon\u00edveis nas principais plataformas digitais, no site da <a href=\"http:\/\/radiolegalidade.flb-ap.org.br\/\">r\u00e1dio Legalidade<\/a> e em todas as principais redes sociais.<\/p>\n<p>&nbsp;<\/p>\n<!-- AddThis Advanced Settings generic via filter on the_content --><!-- AddThis Share Buttons generic via filter on the_content -->","protected":false},"excerpt":{"rendered":"<p>Para levar informa\u00e7\u00e3o com inova\u00e7\u00e3o, o PDT e a Funda\u00e7\u00e3o Leonel Brizola &#8211; Alberto Pasqualini (FLB-AP) relan\u00e7ou a R\u00e1dio Legalidade em um novo formato. Desta vez, com uma rede de podcasts, o p\u00fablico ter\u00e1 quando e onde quiser, conte\u00fados exclusivos com entrevistas e debates sobre os mais variados assuntos da pol\u00edtica brasileira. J\u00e1 dispon\u00edvel nas&#8230;<!-- AddThis Advanced Settings generic via filter on wp_trim_excerpt --><!-- AddThis Share Buttons generic via filter on wp_trim_excerpt --><\/p>\n","protected":false},"author":17,"featured_media":70502,"comment_status":"closed","ping_status":"closed","sticky":false,"template":"","format":"standard","meta":{"_monsterinsights_skip_tracking":false,"_monsterinsights_sitenote_active":false,"_monsterinsights_sitenote_note":"","_monsterinsights_sitenote_category":0,"_uf_show_specific_survey":0,"_uf_disable_surveys":false,"footnotes":""},"categories":[1390,3328],"tags":[3432,408,513,565,3431,2001],"class_list":["post-70490","post","type-post","status-publish","format-standard","has-post-thumbnail","hentry","category-editorias","category-flb-ap","tag-cenario-internacional","tag-flb-ap","tag-jango","tag-leonel-brizola","tag-podcasts","tag-radio-legalidade"],"acf":[],"_links":{"self":[{"href":"https:\/\/pdt-rj.org.br\/index.php\/wp-json\/wp\/v2\/posts\/70490","targetHints":{"allow":["GET"]}}],"collection":[{"href":"https:\/\/pdt-rj.org.br\/index.php\/wp-json\/wp\/v2\/posts"}],"about":[{"href":"https:\/\/pdt-rj.org.br\/index.php\/wp-json\/wp\/v2\/types\/post"}],"author":[{"embeddable":true,"href":"https:\/\/pdt-rj.org.br\/index.php\/wp-json\/wp\/v2\/users\/17"}],"replies":[{"embeddable":true,"href":"https:\/\/pdt-rj.org.br\/index.php\/wp-json\/wp\/v2\/comments?post=70490"}],"version-history":[{"count":12,"href":"https:\/\/pdt-rj.org.br\/index.php\/wp-json\/wp\/v2\/posts\/70490\/revisions"}],"predecessor-version":[{"id":70505,"href":"https:\/\/pdt-rj.org.br\/index.php\/wp-json\/wp\/v2\/posts\/70490\/revisions\/70505"}],"wp:featuredmedia":[{"embeddable":true,"href":"https:\/\/pdt-rj.org.br\/index.php\/wp-json\/wp\/v2\/media\/70502"}],"wp:attachment":[{"href":"https:\/\/pdt-rj.org.br\/index.php\/wp-json\/wp\/v2\/media?parent=70490"}],"wp:term":[{"taxonomy":"category","embeddable":true,"href":"https:\/\/pdt-rj.org.br\/index.php\/wp-json\/wp\/v2\/categories?post=70490"},{"taxonomy":"post_tag","embeddable":true,"href":"https:\/\/pdt-rj.org.br\/index.php\/wp-json\/wp\/v2\/tags?post=70490"}],"curies":[{"name":"wp","href":"https:\/\/api.w.org\/{rel}","templated":true}]}}