{"id":70484,"date":"2020-04-13T16:02:08","date_gmt":"2020-04-13T19:02:08","guid":{"rendered":"http:\/\/pdt-rj.org.br\/?p=70484"},"modified":"2020-04-13T16:02:08","modified_gmt":"2020-04-13T19:02:08","slug":"quarentena-na-vida-temente-da-pos-modernidade-a-doenca-como-ameaca","status":"publish","type":"post","link":"https:\/\/pdt-rj.org.br\/index.php\/quarentena-na-vida-temente-da-pos-modernidade-a-doenca-como-ameaca\/","title":{"rendered":"Quarentena na vida temente da p\u00f3s-modernidade: a doen\u00e7a como amea\u00e7a"},"content":{"rendered":"<p>Todos sabem que foi um conhecido Francis &#8220;Chico&#8221; Bacon, com sua frase ic\u00f4nica \u2013 saber \u00e9 poder \u2013, que marcou o per\u00edodo da idade moderna ou a tal da modernidade, celebrada especialmente pelo s\u00e9culo XX. O moderno passou a ser a cren\u00e7a na racionalidade. Com ela, come\u00e7ou a prevalecer a convic\u00e7\u00e3o do surgimento de um homem melhor, civilizado, sempre educado.<\/p>\n<p>Longe do homem ser um lobo ca\u00e7ando o pr\u00f3prio lobo, digo, ca\u00e7ando e explorando o pr\u00f3prio homem. A civiliza\u00e7\u00e3o, resultado do conhecimento iluminista, seria o encontro da quase perfei\u00e7\u00e3o do homem, gra\u00e7as ao conhecimento cient\u00edfico racional. A sociologia e a filosofia n\u00e3o ficaram atr\u00e1s. Como resultado desse conhecimento, os homens constru\u00edram normas e conceitos de \u00e9tica e moral para organizar e humanizar o conv\u00edvio entre os homens. Elevando-os do fundo da caverna escura da ignor\u00e2ncia, colocando todos no exerc\u00edcio do livre arb\u00edtrio. A \u00e9tica surge como express\u00e3o pr\u00e1tica da moral e assume o status de base e fundamento da metaf\u00edsica dos valores e costumes de um povo.<\/p>\n<p>\u2013 Assim falou Zaratustra!<\/p>\n<p>\u2013 N\u00e3o.<\/p>\n<p>\u2013Assim falou Kant, com seu absoluto imperativo categ\u00f3rico.<\/p>\n<p>A\u00a0 hist\u00f3ria pois do homem seria uma linha reta da revela\u00e7\u00e3o progressiva da verdade. O obscurantismo seria desvelado com a luz do conhecimento cient\u00edfico que libertaria a humanidade da condi\u00e7\u00e3o de escravo da f\u00e9 e do fanatismo religioso. Mas que nada.<\/p>\n<p>Depois da Primeira Guerra Mundial, ainda veio a Segunda Guerra, que foi de 1939 a 1945, com milh\u00f5es de mortes como resultado da irracionalidade que surge da racionalidade b\u00e9lica industrial nazista. Inaugurada em 1933, com a chegada de Adolf Hitler ao poder na Alemanha, depois de usar o ambiente inst\u00e1vel criado pelo Tratado de Versalhes para instigar na popula\u00e7\u00e3o alem\u00e3 o seu adormecido instinto b\u00e1rbaro. Gra\u00e7as a Deus, no caminho, apareceu o encontro dos tr\u00eas grandes: Churchill, Roosevelt e Stalin para derrotar a loucura da irracionalidade.<\/p>\n<p>Depois dessa fase com uma vasta bibliografia, indispens\u00e1vel para ser lida nessa fase estressante de confinamento contra o coronav\u00edrus, surge a contesta\u00e7\u00e3o das virtudes da modernidade. Aparece, o que passou a ser teorizado como o per\u00edodo p\u00f3s moderno. O que se passou a chamar at\u00e9 de corte epistemol\u00f3gico do conhecimento (Althusser) e corte p\u00f3s modernidade (Foucault). Etc.<\/p>\n<p>Dando um salto, devemos agora, em abril de 2020 do s\u00e9culo XXI, estar vivendo o per\u00edodo p\u00f3s da p\u00f3s-modernidade. Porque a certeza da ci\u00eancia se surpreendeu com a incerteza diante da vida e da morte. A morte nunca esteve t\u00e3o presente em nosso cotidiano. Sem guerra b\u00e9lica, mas numa guerra invis\u00edvel de v\u00edrus e bact\u00e9rias, que o &#8220;conhecimento \u00e9 poder&#8221; possa vencer.<\/p>\n<p>A temeridade que vivemos hoje, sem toques e encontros f\u00edsicos, pode se aplicar muito bem \u00e0quela frase que marca essa atualidade de uma Guerra Mundial contra a coloniza\u00e7\u00e3o irracional do que prometia a ci\u00eancia que procurou se colocou no lugar de Deus:\u00a0&#8220;Deus est\u00e1 morto. Marx est\u00e1 morto. E eu tamb\u00e9m n\u00e3o estou me sentindo muito bem.&#8221;<\/p>\n<p>Talvez seja por isso que Santo Agostinho, certa vez, chamou os cientistas e fil\u00f3sofos de pretensiosos: &#8221; V\u00f3s, os soberbos!&#8221;<\/p>\n<!-- AddThis Advanced Settings generic via filter on the_content --><!-- AddThis Share Buttons generic via filter on the_content -->","protected":false},"excerpt":{"rendered":"<p>Todos sabem que foi um conhecido Francis &#8220;Chico&#8221; Bacon, com sua frase ic\u00f4nica \u2013 saber \u00e9 poder \u2013, que marcou o per\u00edodo da idade moderna ou a tal da modernidade, celebrada especialmente pelo s\u00e9culo XX. O moderno passou a ser a cren\u00e7a na racionalidade. Com ela, come\u00e7ou a prevalecer a convic\u00e7\u00e3o do surgimento de um&#8230;<!-- AddThis Advanced Settings generic via filter on wp_trim_excerpt --><!-- AddThis Share Buttons generic via filter on wp_trim_excerpt --><\/p>\n","protected":false},"author":17,"featured_media":70485,"comment_status":"closed","ping_status":"closed","sticky":false,"template":"","format":"standard","meta":{"_monsterinsights_skip_tracking":false,"_monsterinsights_sitenote_active":false,"_monsterinsights_sitenote_note":"","_monsterinsights_sitenote_category":0,"_uf_show_specific_survey":0,"_uf_disable_surveys":false,"footnotes":""},"categories":[1584,976],"tags":[3423,3424,3421,2579,3418,3316,3422,3425,3416,2049,3414,3419,3417,3420],"class_list":["post-70484","post","type-post","status-publish","format-standard","has-post-thumbnail","hentry","category-artigos","category-noticias-em-destaque","tag-adolf-hitler","tag-alemanha","tag-althusser","tag-carlos-michiles","tag-churchill","tag-coronavirus","tag-foucault","tag-francis-bacon","tag-marx","tag-primeira-guerra-mundial","tag-quarentena","tag-roosevelt","tag-santo-agostinho","tag-stalin"],"acf":[],"_links":{"self":[{"href":"https:\/\/pdt-rj.org.br\/index.php\/wp-json\/wp\/v2\/posts\/70484","targetHints":{"allow":["GET"]}}],"collection":[{"href":"https:\/\/pdt-rj.org.br\/index.php\/wp-json\/wp\/v2\/posts"}],"about":[{"href":"https:\/\/pdt-rj.org.br\/index.php\/wp-json\/wp\/v2\/types\/post"}],"author":[{"embeddable":true,"href":"https:\/\/pdt-rj.org.br\/index.php\/wp-json\/wp\/v2\/users\/17"}],"replies":[{"embeddable":true,"href":"https:\/\/pdt-rj.org.br\/index.php\/wp-json\/wp\/v2\/comments?post=70484"}],"version-history":[{"count":1,"href":"https:\/\/pdt-rj.org.br\/index.php\/wp-json\/wp\/v2\/posts\/70484\/revisions"}],"predecessor-version":[{"id":70486,"href":"https:\/\/pdt-rj.org.br\/index.php\/wp-json\/wp\/v2\/posts\/70484\/revisions\/70486"}],"wp:featuredmedia":[{"embeddable":true,"href":"https:\/\/pdt-rj.org.br\/index.php\/wp-json\/wp\/v2\/media\/70485"}],"wp:attachment":[{"href":"https:\/\/pdt-rj.org.br\/index.php\/wp-json\/wp\/v2\/media?parent=70484"}],"wp:term":[{"taxonomy":"category","embeddable":true,"href":"https:\/\/pdt-rj.org.br\/index.php\/wp-json\/wp\/v2\/categories?post=70484"},{"taxonomy":"post_tag","embeddable":true,"href":"https:\/\/pdt-rj.org.br\/index.php\/wp-json\/wp\/v2\/tags?post=70484"}],"curies":[{"name":"wp","href":"https:\/\/api.w.org\/{rel}","templated":true}]}}