{"id":70466,"date":"2020-04-13T13:35:29","date_gmt":"2020-04-13T16:35:29","guid":{"rendered":"http:\/\/pdt-rj.org.br\/?p=70466"},"modified":"2020-04-13T13:36:52","modified_gmt":"2020-04-13T16:36:52","slug":"covid-19-dr-mario-heringer-luta-por-equipamentos-de-protecao-para-profissionais-de-saude","status":"publish","type":"post","link":"https:\/\/pdt-rj.org.br\/index.php\/covid-19-dr-mario-heringer-luta-por-equipamentos-de-protecao-para-profissionais-de-saude\/","title":{"rendered":"Covid-19: Dr. M\u00e1rio Heringer luta por equipamentos de prote\u00e7\u00e3o para profissionais de sa\u00fade"},"content":{"rendered":"<p>O segundo-secret\u00e1rio da C\u00e2mara dos Deputados, M\u00e1rio Heringer (PDT-MG), apresentou mais uma medida no sentido de auxiliar o Brasil para enfrentar a pandemia da Covid-19. O PL 1569\/2020, protocolado no dia 6 de abril, reduz temporariamente as al\u00edquotas de impostos incidentes sobre os produtos hospitalares. Entre os materiais est\u00e3o m\u00e1scara para prote\u00e7\u00e3o de got\u00edculas, m\u00e1scara para prote\u00e7\u00e3o de aerossol, vestimenta hospitalar descart\u00e1vel, gorro hospitalar, prop\u00e9 e luva cir\u00fargica est\u00e9ril.<\/p>\n<p>\u201cProdutos como m\u00e1scaras, vestimentas hospitalares e at\u00e9 luvas encontram-se escassos no mercado internacional, sobretudo depois da grande aquisi\u00e7\u00e3o feita pelo governo dos Estados Unidos da Am\u00e9rica junto \u00e0 China, maior fornecedora mundial desses produtos. Em virtude da pandemia e da compra estadunidense, os mercados mundial e nacional encontram-se desabastecidos, o que coloca em risco a vida de milhares de profissionais de sa\u00fade em todo o Pa\u00eds\u201d, justifica o presidente do PDT de Minas Gerais.<\/p>\n<p>O parlamentar destaca que a proposta tem car\u00e1ter excepcional e tempor\u00e1rio, perdurando unicamente enquanto durarem as disposi\u00e7\u00f5es da Lei n\u00ba 13.979, de 2020, que \u201cdisp\u00f5e sobre as medidas para enfrentamento da emerg\u00eancia de sa\u00fade p\u00fablica e import\u00e2ncia internacional decorrente do coronav\u00edrus respons\u00e1vel pelo surto de 2019\u201d.<\/p>\n<p>&#8220;Cumpre ressaltar, por fim, que, a despeito do car\u00e1ter emergencial das medidas aqui propostas, nossa preocupa\u00e7\u00e3o \u00faltima \u00e9 com a sa\u00fade e a vida dos profissionais de sa\u00fade atuantes na linha de frente do combate ao Coronav\u00edrus, raz\u00e3o pela qual n\u00e3o dispensamos os fabricantes de observarem os regulamentos t\u00e9cnicos em vig\u00eancia\u201d, assinala Heringer.<\/p>\n<p>Clique <a href=\"https:\/\/www.camara.leg.br\/proposicoesWeb\/prop_mostrarintegra?codteor=1873409&amp;filename=PL+1569\/2020\"><em><strong>aqui<\/strong><\/em><\/a> para ler a \u00edntegra do projeto e acompanhar sua tramita\u00e7\u00e3o.<\/p>\n<!-- AddThis Advanced Settings generic via filter on the_content --><!-- AddThis Share Buttons generic via filter on the_content -->","protected":false},"excerpt":{"rendered":"<p>O segundo-secret\u00e1rio da C\u00e2mara dos Deputados, M\u00e1rio Heringer (PDT-MG), apresentou mais uma medida no sentido de auxiliar o Brasil para enfrentar a pandemia da Covid-19. O PL 1569\/2020, protocolado no dia 6 de abril, reduz temporariamente as al\u00edquotas de impostos incidentes sobre os produtos hospitalares. Entre os materiais est\u00e3o m\u00e1scara para prote\u00e7\u00e3o de got\u00edculas, m\u00e1scara&#8230;<!-- AddThis Advanced Settings generic via filter on wp_trim_excerpt --><!-- AddThis Share Buttons generic via filter on wp_trim_excerpt --><\/p>\n","protected":false},"author":17,"featured_media":69764,"comment_status":"closed","ping_status":"closed","sticky":false,"template":"","format":"standard","meta":{"_monsterinsights_skip_tracking":false,"_monsterinsights_sitenote_active":false,"_monsterinsights_sitenote_note":"","_monsterinsights_sitenote_category":0,"_uf_show_specific_survey":0,"_uf_disable_surveys":false,"footnotes":""},"categories":[1390],"tags":[3411,3316,3207,3410],"class_list":["post-70466","post","type-post","status-publish","format-standard","has-post-thumbnail","hentry","category-editorias","tag-aliquotas-de-impostos","tag-coronavirus","tag-dr-mario-heringer","tag-equipamentos-de-saude"],"acf":[],"_links":{"self":[{"href":"https:\/\/pdt-rj.org.br\/index.php\/wp-json\/wp\/v2\/posts\/70466","targetHints":{"allow":["GET"]}}],"collection":[{"href":"https:\/\/pdt-rj.org.br\/index.php\/wp-json\/wp\/v2\/posts"}],"about":[{"href":"https:\/\/pdt-rj.org.br\/index.php\/wp-json\/wp\/v2\/types\/post"}],"author":[{"embeddable":true,"href":"https:\/\/pdt-rj.org.br\/index.php\/wp-json\/wp\/v2\/users\/17"}],"replies":[{"embeddable":true,"href":"https:\/\/pdt-rj.org.br\/index.php\/wp-json\/wp\/v2\/comments?post=70466"}],"version-history":[{"count":3,"href":"https:\/\/pdt-rj.org.br\/index.php\/wp-json\/wp\/v2\/posts\/70466\/revisions"}],"predecessor-version":[{"id":70471,"href":"https:\/\/pdt-rj.org.br\/index.php\/wp-json\/wp\/v2\/posts\/70466\/revisions\/70471"}],"wp:featuredmedia":[{"embeddable":true,"href":"https:\/\/pdt-rj.org.br\/index.php\/wp-json\/wp\/v2\/media\/69764"}],"wp:attachment":[{"href":"https:\/\/pdt-rj.org.br\/index.php\/wp-json\/wp\/v2\/media?parent=70466"}],"wp:term":[{"taxonomy":"category","embeddable":true,"href":"https:\/\/pdt-rj.org.br\/index.php\/wp-json\/wp\/v2\/categories?post=70466"},{"taxonomy":"post_tag","embeddable":true,"href":"https:\/\/pdt-rj.org.br\/index.php\/wp-json\/wp\/v2\/tags?post=70466"}],"curies":[{"name":"wp","href":"https:\/\/api.w.org\/{rel}","templated":true}]}}